{"id":4582,"date":"2024-08-09T10:36:29","date_gmt":"2024-08-09T14:36:29","guid":{"rendered":"https:\/\/suanoticiaaqui.com.br\/news\/?p=4582"},"modified":"2024-08-09T10:36:29","modified_gmt":"2024-08-09T14:36:29","slug":"ja-matei-tres-pm-usa-balas-de-borracha-contra-agressor-de-adolescente-em-campo-grande","status":"publish","type":"post","link":"https:\/\/suanoticiaaqui.com.br\/news\/2024\/08\/09\/ja-matei-tres-pm-usa-balas-de-borracha-contra-agressor-de-adolescente-em-campo-grande\/","title":{"rendered":"\u2018J\u00e1 matei tr\u00eas\u2019: PM usa balas de borracha contra agressor de adolescente em Campo Grande"},"content":{"rendered":"\n<p>Adolescente foi espancado e socorrido com corte profundo na cabe\u00e7a<\/p>\n\n\n\n<p>por <a href=\"https:\/\/midiamax.uol.com.br\/author\/thatianamelomidiamax-com-br\/\">Thatiana Melo<\/a><\/p>\n\n\n\n<p>Um homem de 48 anos foi preso no bairro Jardim Colorado, em Campo Grande, depois de espancar um adolescente de 15 anos, com socos e chutes, na \u00faltima quarta-feira (7). A PM teve de usar balas de borracha para conter o homem.<\/p>\n\n\n\n<p>O adolescente foi arrastado para a casa do agressor sob a acusa\u00e7\u00e3o de ter furtado uma arma de press\u00e3o. A arma teria sido comprada pelo garoto por R$ 5 de um usu\u00e1rio de drogas. O autor exigiu que o adolescente devolvesse a arma.<\/p>\n\n\n\n<p>A v\u00edtima foi espancada no quintal da casa do autor com socos e chutes, al\u00e9m de ter a cabe\u00e7a batida contra a parede. O adolescente foi amea\u00e7ado de morte e em um descuido do autor conseguiu fugir e pedir ajuda.<\/p>\n\n\n\n<p>Vizinhos acionaram o socorro e a pol\u00edcia. Quando os militares chegaram, o agressor tentou mentir que a briga da v\u00edtima teria sido com seu filho. Depois acabou desacatando e xingando os militares dizendo que n\u00e3o tinha medo da pol\u00edcia e que j\u00e1 tinha matado tr\u00eas pessoas.&nbsp;<\/p>\n\n\n\n<p>O autor ainda tentou agredir os policiais que tiveram de usar balas de borracha para cont\u00ea-lo. Ele foi preso e encaminhado para a delegacia. O adolescente foi levado para uma unidade de sa\u00fade.<\/p>\n\n\n\n<p>O agressor passa por audi\u00eancia de cust\u00f3dia nesta sexta-feira (9).<\/p>\n","protected":false},"excerpt":{"rendered":"<p>Adolescente foi espancado e socorrido com corte profundo na cabe\u00e7a por Thatiana Melo Um homem de 48 anos foi preso&hellip;<\/p>\n","protected":false},"author":1,"featured_media":4583,"comment_status":"open","ping_status":"open","sticky":false,"template":"","format":"standard","meta":{"footnotes":""},"categories":[1],"tags":[],"class_list":["post-4582","post","type-post","status-publish","format-standard","has-post-thumbnail","hentry","category-uncategorized"],"_links":{"self":[{"href":"https:\/\/suanoticiaaqui.com.br\/news\/wp-json\/wp\/v2\/posts\/4582","targetHints":{"allow":["GET"]}}],"collection":[{"href":"https:\/\/suanoticiaaqui.com.br\/news\/wp-json\/wp\/v2\/posts"}],"about":[{"href":"https:\/\/suanoticiaaqui.com.br\/news\/wp-json\/wp\/v2\/types\/post"}],"author":[{"embeddable":true,"href":"https:\/\/suanoticiaaqui.com.br\/news\/wp-json\/wp\/v2\/users\/1"}],"replies":[{"embeddable":true,"href":"https:\/\/suanoticiaaqui.com.br\/news\/wp-json\/wp\/v2\/comments?post=4582"}],"version-history":[{"count":1,"href":"https:\/\/suanoticiaaqui.com.br\/news\/wp-json\/wp\/v2\/posts\/4582\/revisions"}],"predecessor-version":[{"id":4584,"href":"https:\/\/suanoticiaaqui.com.br\/news\/wp-json\/wp\/v2\/posts\/4582\/revisions\/4584"}],"wp:featuredmedia":[{"embeddable":true,"href":"https:\/\/suanoticiaaqui.com.br\/news\/wp-json\/wp\/v2\/media\/4583"}],"wp:attachment":[{"href":"https:\/\/suanoticiaaqui.com.br\/news\/wp-json\/wp\/v2\/media?parent=4582"}],"wp:term":[{"taxonomy":"category","embeddable":true,"href":"https:\/\/suanoticiaaqui.com.br\/news\/wp-json\/wp\/v2\/categories?post=4582"},{"taxonomy":"post_tag","embeddable":true,"href":"https:\/\/suanoticiaaqui.com.br\/news\/wp-json\/wp\/v2\/tags?post=4582"}],"curies":[{"name":"wp","href":"https:\/\/api.w.org\/{rel}","templated":true}]}}