{"id":5746,"date":"2024-12-06T10:19:57","date_gmt":"2024-12-06T14:19:57","guid":{"rendered":"https:\/\/suanoticiaaqui.com.br\/news\/?p=5746"},"modified":"2024-12-06T10:19:57","modified_gmt":"2024-12-06T14:19:57","slug":"mato-grosso-do-sul-registra-16-125-casos-confirmados-de-dengue","status":"publish","type":"post","link":"https:\/\/suanoticiaaqui.com.br\/news\/2024\/12\/06\/mato-grosso-do-sul-registra-16-125-casos-confirmados-de-dengue\/","title":{"rendered":"Mato Grosso do Sul registra 16.125 casos confirmados de dengue"},"content":{"rendered":"\n<ul class=\"wp-block-list\">\n<li>Por Ligado na Noticia<\/li>\n<\/ul>\n\n\n\n<p>Mato Grosso do Sul j\u00e1 registrou 19.629 casos prov\u00e1veis de Dengue, sendo 16.125 casos confirmados, em 2024. Estes dados foram apresentados no boletim referente \u00e0 48\u00aa semana epidemiol\u00f3gica, divulgado pela SES (Secretaria de Estado de Sa\u00fade) nesta quinta-feira (5). Segundo o documento, 30 \u00f3bitos foram confirmados em decorr\u00eancia da doen\u00e7a e outros 17 est\u00e3o em investiga\u00e7\u00e3o.<\/p>\n\n\n\n<p>Nos \u00faltimos 14 dias, Japor\u00e3, Itaquira\u00ed, Rio Brilhante, Amambai, Aquidauana e Dourados registraram incid\u00eancia baixa de casos confirmados para doen\u00e7a. J\u00e1 os \u00f3bitos registrados ocorreram nos munic\u00edpios de Maracaju, Chapad\u00e3o do Sul, Coronel Sapucaia, Dourados, Laguna Carap\u00e3, Navira\u00ed, Sete Quedas, Amambai, Paranhos, Ponta Por\u00e3, Iguatemi, Itaquira\u00ed, Aparecida do Taboado, Mundo Novo, Campo Grande e Bonito. Entre as v\u00edtimas, 15 delas possu\u00edam algum tipo de comorbidade.<\/p>\n\n\n\n<p><strong>Vacina\u00e7\u00e3o<\/strong><\/p>\n\n\n\n<p>Ainda conforme o boletim, 110.577 doses do imunizante j\u00e1 foram aplicadas para idade permitida na bula na popula\u00e7\u00e3o. Ao todo, Mato Grosso do Sul j\u00e1 recebeu do Minist\u00e9rio da Sa\u00fade 189.910 doses do imunizante contra a dengue. O esquema vacinal \u00e9 composto por duas doses com intervalo de tr\u00eas meses entre as doses.<\/p>\n\n\n\n<p>A vacina\u00e7\u00e3o contra a dengue \u00e9 recomendada para crian\u00e7as e adolescentes entre 10 e 14 anos, 11 meses e 29 dias de idade, faixa et\u00e1ria que concentra o maior n\u00famero de hospitaliza\u00e7\u00e3o por dengue, dentro do quadro de crian\u00e7as e adolescentes de 6 a 16 anos de idade.<\/p>\n\n\n\n<p><strong>Chikungunya<\/strong><\/p>\n\n\n\n<p>Em rela\u00e7\u00e3o \u00e0 Chikungunya, o Estado j\u00e1 registrou 2.967 casos prov\u00e1veis, sendo 918 confirmados. N\u00e3o h\u00e1 \u00f3bitos registrados. A SES alerta que as pessoas devem evitar a automedica\u00e7\u00e3o. Em caso de sintomas de dengue ou Chikungunya, a recomenda\u00e7\u00e3o \u00e9 procurar uma unidade de sa\u00fade do munic\u00edpio.<\/p>\n","protected":false},"excerpt":{"rendered":"<p>Mato Grosso do Sul j\u00e1 registrou 19.629 casos prov\u00e1veis de Dengue, sendo 16.125 casos confirmados, em 2024. Estes dados foram&hellip;<\/p>\n","protected":false},"author":1,"featured_media":5747,"comment_status":"open","ping_status":"open","sticky":false,"template":"","format":"standard","meta":{"footnotes":""},"categories":[1],"tags":[],"class_list":["post-5746","post","type-post","status-publish","format-standard","has-post-thumbnail","hentry","category-uncategorized"],"_links":{"self":[{"href":"https:\/\/suanoticiaaqui.com.br\/news\/wp-json\/wp\/v2\/posts\/5746","targetHints":{"allow":["GET"]}}],"collection":[{"href":"https:\/\/suanoticiaaqui.com.br\/news\/wp-json\/wp\/v2\/posts"}],"about":[{"href":"https:\/\/suanoticiaaqui.com.br\/news\/wp-json\/wp\/v2\/types\/post"}],"author":[{"embeddable":true,"href":"https:\/\/suanoticiaaqui.com.br\/news\/wp-json\/wp\/v2\/users\/1"}],"replies":[{"embeddable":true,"href":"https:\/\/suanoticiaaqui.com.br\/news\/wp-json\/wp\/v2\/comments?post=5746"}],"version-history":[{"count":1,"href":"https:\/\/suanoticiaaqui.com.br\/news\/wp-json\/wp\/v2\/posts\/5746\/revisions"}],"predecessor-version":[{"id":5748,"href":"https:\/\/suanoticiaaqui.com.br\/news\/wp-json\/wp\/v2\/posts\/5746\/revisions\/5748"}],"wp:featuredmedia":[{"embeddable":true,"href":"https:\/\/suanoticiaaqui.com.br\/news\/wp-json\/wp\/v2\/media\/5747"}],"wp:attachment":[{"href":"https:\/\/suanoticiaaqui.com.br\/news\/wp-json\/wp\/v2\/media?parent=5746"}],"wp:term":[{"taxonomy":"category","embeddable":true,"href":"https:\/\/suanoticiaaqui.com.br\/news\/wp-json\/wp\/v2\/categories?post=5746"},{"taxonomy":"post_tag","embeddable":true,"href":"https:\/\/suanoticiaaqui.com.br\/news\/wp-json\/wp\/v2\/tags?post=5746"}],"curies":[{"name":"wp","href":"https:\/\/api.w.org\/{rel}","templated":true}]}}