{"id":6303,"date":"2025-06-25T09:55:46","date_gmt":"2025-06-25T13:55:46","guid":{"rendered":"https:\/\/suanoticiaaqui.com.br\/news\/?p=6303"},"modified":"2025-06-25T09:55:46","modified_gmt":"2025-06-25T13:55:46","slug":"economia-criativa-e-agricultura-familiar-levam-informacao-para-o-pantanal-tech-ms","status":"publish","type":"post","link":"https:\/\/suanoticiaaqui.com.br\/news\/2025\/06\/25\/economia-criativa-e-agricultura-familiar-levam-informacao-para-o-pantanal-tech-ms\/","title":{"rendered":"Economia criativa e agricultura familiar levam informa\u00e7\u00e3o para o Pantanal Tech MS"},"content":{"rendered":"\n<ul class=\"wp-block-list\">\n<li>por Ligado na Noticia<\/li>\n<\/ul>\n\n\n\n<p>O Pantanal Tech MS se consagra como um palco multifacetado que vai muito al\u00e9m da tecnologia e da pecu\u00e1ria. Em sua programa\u00e7\u00e3o, a economia criativa e a agricultura familiar ganham destaque, trazendo uma fus\u00e3o de cultura, conhecimento e oportunidades para o desenvolvimento regional.<\/p>\n\n\n\n<p>O evento, realizado na unidade universit\u00e1ria de Aquidauana da UEMS (Universidade Estadual de Mato Grosso do Sul), de quinta (26) a domingo (29), mostra como a diversidade de talentos e a for\u00e7a da produ\u00e7\u00e3o local impulsionam o progresso no cora\u00e7\u00e3o do bioma.<\/p>\n\n\n\n<p>A agricultura familiar, pilar essencial para a economia e a cultura rural de Mato Grosso do Sul, garante a seguran\u00e7a alimentar e impulsiona o desenvolvimento local. O Pantanal Tech MS dedica um espa\u00e7o significativo a esse setor vital:<\/p>\n\n\n\n<p>#Pavilh\u00e3o Prospera MS:&nbsp;Feira de Produtos da Agricultura Familiar: (26, 27 e 28 de junho, 8h \u00e0s 18h) &#8211; Mais de 40 expositores apresentam seus produtos, valorizando os sabores regionais e a diversidade da produ\u00e7\u00e3o local.<\/p>\n\n\n\n<p>#Cozinha Show:&nbsp;um espa\u00e7o din\u00e2mico que conecta a agricultura familiar \u00e0 gastronomia regional. Chefs como Zeca Amaral e Jeffershon Pinheiro preparam receitas exclusivas com ingredientes locais, celebrando a riqueza culin\u00e1ria do Pantanal (programa\u00e7\u00e3o no local).<\/p>\n\n\n\n<p>#Presen\u00e7a do MDA (Minist\u00e9rio do Desenvolvimento Agr\u00e1rio):&nbsp;com dois estandes, um para atendimento direto aos produtores e outro dedicado ao programa Mais Alimentos, o MDA refor\u00e7a o apoio e o acesso a pol\u00edticas p\u00fablicas para o setor.<\/p>\n\n\n\n<p>#Painel Especial &#8211; Plano Safra da Agricultura Familiar 2025\/26:&nbsp;no dia 28 de junho, das 8h \u00e0s 10h30, ocorre um momento crucial para debater e apresentar as diretrizes e expectativas para o pr\u00f3ximo Plano Safra, impactando diretamente o futuro da agricultura familiar no Estado.<\/p>\n\n\n\n<figure class=\"wp-block-image\"><a class=\"gallery-item\" href=\"https:\/\/ligadonanoticia.com.br\/media\/editorjs\/uems_imagens_2024_02_22_10_15_41_1750789463,9605.jpg\"><img decoding=\"async\" src=\"https:\/\/ligadonanoticia.com.br\/media\/editorjs\/uems_imagens_2024_02_22_10_15_41_1750789463,9605.jpg\" alt=\"\"\/><\/a><\/figure>\n\n\n\n<p>A integra\u00e7\u00e3o da Economia Criativa e da Agricultura Familiar na programa\u00e7\u00e3o do Pantanal Tech MS sublinha a vis\u00e3o abrangente do evento, com o desenvolvimento regional acontecendo tamb\u00e9m pela valoriza\u00e7\u00e3o da cultura, o est\u00edmulo \u00e0 inova\u00e7\u00e3o em todos os setores e o fortalecimento das comunidades locais, desenhando um futuro pr\u00f3spero e diversificado para o Pantanal.<\/p>\n\n\n\n<p>A economia criativa no Pantanal Tech MS \u00e9 celebrada em diversas formas de express\u00e3o, conectando arte, literatura e empreendedorismo, com m\u00fasica ao vivo no palco da Pra\u00e7a de Alimenta\u00e7\u00e3o, que se torna um ponto de encontro para performances musicais que animam o p\u00fablico.<\/p>\n\n\n\n<p>A programa\u00e7\u00e3o desse espa\u00e7o conta com as apresenta\u00e7\u00f5es de Jo\u00e3o Paulo e grupo Antigo Aposento (26 de junho, 12h \u00e0s 14h), Jakeline Sanfoneira (27 de junho, 12h \u00e0s 14h) e Paulo Prado (28 de junho, 12h \u00e0s 14h). J\u00e1 o Luau Pantaneiro, tamb\u00e9m na Pra\u00e7a de Alimenta\u00e7\u00e3o, ser\u00e1 realizada no dia 28, com apresenta\u00e7\u00f5es do Grupo Acaba (18h \u00e0s 18h40) e de&nbsp;F\u00e1bio Kaida e Banda (19h \u00e0s 21h).<\/p>\n\n\n\n<p><strong>Outros espa\u00e7os de economia criativa:<\/strong><\/p>\n\n\n\n<p>#Espa\u00e7o MS+Criativa:&nbsp;feira de artesanatos e produtos diretos do Pantanal (26, 27 e 28 de junho, 8h \u00e0s 18h).<\/p>\n\n\n\n<p>#Bate Papo Liter\u00e1rio com Silas Cabral:&nbsp;dia 27 de junho, 13h30, com lan\u00e7amento do livro &#8216;Morro Azul \u2014 Anast\u00e1cio 60 anos&#8217;.<\/p>\n\n\n\n<p>#Bate Papo Liter\u00e1rio com James Jorge Barbosa Flores:&nbsp;dia 27 de junho, 15h, em encontro com o escritor jardinense Jaminho, autor de diversas obras.<\/p>\n\n\n\n<p>#Lan\u00e7amento do livro Grupo Acaba: evento com autor Rodrigo Teixeira, dia 28 de junho, \u00e0s 15h.<\/p>\n\n\n\n<p>#Projeto Territ\u00f3rios Criativos (Pantanal+Criativo):&nbsp;apresenta\u00e7\u00e3o dia 26 de junho, \u00e0s 15h, da iniciativa para mapear e impulsionar o ecossistema criativo da regi\u00e3o.<\/p>\n\n\n\n<p>#Roda de Conversa com Sebrae &#8211; Marketing Digital:&nbsp;oportunidade para empreendedores aprenderem estrat\u00e9gias de marketing digital, no dia 28 de junho, das 13h30 \u00e0s 14h30.<\/p>\n","protected":false},"excerpt":{"rendered":"<p>O Pantanal Tech MS se consagra como um palco multifacetado que vai muito al\u00e9m da tecnologia e da pecu\u00e1ria. Em&hellip;<\/p>\n","protected":false},"author":1,"featured_media":6304,"comment_status":"open","ping_status":"open","sticky":false,"template":"","format":"standard","meta":{"footnotes":""},"categories":[1],"tags":[],"class_list":["post-6303","post","type-post","status-publish","format-standard","has-post-thumbnail","hentry","category-uncategorized"],"_links":{"self":[{"href":"https:\/\/suanoticiaaqui.com.br\/news\/wp-json\/wp\/v2\/posts\/6303","targetHints":{"allow":["GET"]}}],"collection":[{"href":"https:\/\/suanoticiaaqui.com.br\/news\/wp-json\/wp\/v2\/posts"}],"about":[{"href":"https:\/\/suanoticiaaqui.com.br\/news\/wp-json\/wp\/v2\/types\/post"}],"author":[{"embeddable":true,"href":"https:\/\/suanoticiaaqui.com.br\/news\/wp-json\/wp\/v2\/users\/1"}],"replies":[{"embeddable":true,"href":"https:\/\/suanoticiaaqui.com.br\/news\/wp-json\/wp\/v2\/comments?post=6303"}],"version-history":[{"count":1,"href":"https:\/\/suanoticiaaqui.com.br\/news\/wp-json\/wp\/v2\/posts\/6303\/revisions"}],"predecessor-version":[{"id":6305,"href":"https:\/\/suanoticiaaqui.com.br\/news\/wp-json\/wp\/v2\/posts\/6303\/revisions\/6305"}],"wp:featuredmedia":[{"embeddable":true,"href":"https:\/\/suanoticiaaqui.com.br\/news\/wp-json\/wp\/v2\/media\/6304"}],"wp:attachment":[{"href":"https:\/\/suanoticiaaqui.com.br\/news\/wp-json\/wp\/v2\/media?parent=6303"}],"wp:term":[{"taxonomy":"category","embeddable":true,"href":"https:\/\/suanoticiaaqui.com.br\/news\/wp-json\/wp\/v2\/categories?post=6303"},{"taxonomy":"post_tag","embeddable":true,"href":"https:\/\/suanoticiaaqui.com.br\/news\/wp-json\/wp\/v2\/tags?post=6303"}],"curies":[{"name":"wp","href":"https:\/\/api.w.org\/{rel}","templated":true}]}}