{"id":6306,"date":"2025-06-25T09:57:00","date_gmt":"2025-06-25T13:57:00","guid":{"rendered":"https:\/\/suanoticiaaqui.com.br\/news\/?p=6306"},"modified":"2025-06-25T09:57:00","modified_gmt":"2025-06-25T13:57:00","slug":"foragido-vinicinho-e-preso-por-trafico-de-drogas-em-nova-acao-policial","status":"publish","type":"post","link":"https:\/\/suanoticiaaqui.com.br\/news\/2025\/06\/25\/foragido-vinicinho-e-preso-por-trafico-de-drogas-em-nova-acao-policial\/","title":{"rendered":"Foragido, \u201cVinicinho\u201d \u00e9 preso por tr\u00e1fico de drogas em nova a\u00e7\u00e3o policial"},"content":{"rendered":"\n<ul class=\"wp-block-list\">\n<li>\u00a0Luiz Guilherme e Sidnei Bronka<\/li>\n<\/ul>\n\n\n\n<p>Marcos Vinicius da Silva Backes, de 28 anos, foi preso pela PM (Pol\u00edcia Militar) na noite de ter\u00e7a-feira (24\/6), em Itapor\u00e3, acusado de tr\u00e1fico de drogas.<\/p>\n\n\n\n<p>\u201cVinicinho\u201d, como tamb\u00e9m \u00e9 conhecido, encontrava-se foragido desde o \u00faltimo dia 15, quando fugiu de uma a\u00e7\u00e3o da Pol\u00edcia Militar, durante ocorr\u00eancia que fechou a \u201cBoca do Corumb\u00e1\u201d, que funcionava no Bairro Lagoa.<\/p>\n\n\n\n<p>Devido a fuga, Marcos Vinicius rompeu a tornozeleira eletr\u00f4nica para dificultar sua localiza\u00e7\u00e3o.<\/p>\n\n\n\n<p>Na ocasi\u00e3o, como consta no boletim de ocorr\u00eancia, \u201cVinicinho\u201d era uma esp\u00e9cie de \u201cseguran\u00e7a\u201d do local, onde amea\u00e7ava os vizinhos e agia com viol\u00eancia contra usu\u00e1rios que deviam ou ficavam com pend\u00eancias com o tr\u00e1fico.<\/p>\n\n\n\n<p>Ontem, ele foi detido ao ser reconhecido pelos policiais militares, quando transitava com uma sacola pelo Bairro Jardim Vit\u00f3ria. Ele portava um tablete de maconha que pesou 502 gramas.<\/p>\n\n\n\n<p>Ele recebeu voz de pris\u00e3o e foi levado para a Delegacia de PC (Pol\u00edcia Civil), onde foi autuado em flagrante pelo tr\u00e1fico de drogas.<\/p>\n","protected":false},"excerpt":{"rendered":"<p>Marcos Vinicius da Silva Backes, de 28 anos, foi preso pela PM (Pol\u00edcia Militar) na noite de ter\u00e7a-feira (24\/6), em&hellip;<\/p>\n","protected":false},"author":1,"featured_media":6307,"comment_status":"open","ping_status":"open","sticky":false,"template":"","format":"standard","meta":{"footnotes":""},"categories":[1],"tags":[],"class_list":["post-6306","post","type-post","status-publish","format-standard","has-post-thumbnail","hentry","category-uncategorized"],"_links":{"self":[{"href":"https:\/\/suanoticiaaqui.com.br\/news\/wp-json\/wp\/v2\/posts\/6306","targetHints":{"allow":["GET"]}}],"collection":[{"href":"https:\/\/suanoticiaaqui.com.br\/news\/wp-json\/wp\/v2\/posts"}],"about":[{"href":"https:\/\/suanoticiaaqui.com.br\/news\/wp-json\/wp\/v2\/types\/post"}],"author":[{"embeddable":true,"href":"https:\/\/suanoticiaaqui.com.br\/news\/wp-json\/wp\/v2\/users\/1"}],"replies":[{"embeddable":true,"href":"https:\/\/suanoticiaaqui.com.br\/news\/wp-json\/wp\/v2\/comments?post=6306"}],"version-history":[{"count":1,"href":"https:\/\/suanoticiaaqui.com.br\/news\/wp-json\/wp\/v2\/posts\/6306\/revisions"}],"predecessor-version":[{"id":6308,"href":"https:\/\/suanoticiaaqui.com.br\/news\/wp-json\/wp\/v2\/posts\/6306\/revisions\/6308"}],"wp:featuredmedia":[{"embeddable":true,"href":"https:\/\/suanoticiaaqui.com.br\/news\/wp-json\/wp\/v2\/media\/6307"}],"wp:attachment":[{"href":"https:\/\/suanoticiaaqui.com.br\/news\/wp-json\/wp\/v2\/media?parent=6306"}],"wp:term":[{"taxonomy":"category","embeddable":true,"href":"https:\/\/suanoticiaaqui.com.br\/news\/wp-json\/wp\/v2\/categories?post=6306"},{"taxonomy":"post_tag","embeddable":true,"href":"https:\/\/suanoticiaaqui.com.br\/news\/wp-json\/wp\/v2\/tags?post=6306"}],"curies":[{"name":"wp","href":"https:\/\/api.w.org\/{rel}","templated":true}]}}