{"id":6309,"date":"2025-06-25T09:58:21","date_gmt":"2025-06-25T13:58:21","guid":{"rendered":"https:\/\/suanoticiaaqui.com.br\/news\/?p=6309"},"modified":"2025-06-25T09:58:21","modified_gmt":"2025-06-25T13:58:21","slug":"policias-civil-e-rodoviaria-federal-apreendem-2t-de-maconha","status":"publish","type":"post","link":"https:\/\/suanoticiaaqui.com.br\/news\/2025\/06\/25\/policias-civil-e-rodoviaria-federal-apreendem-2t-de-maconha\/","title":{"rendered":"Pol\u00edcias Civil e Rodovi\u00e1ria Federal apreendem 2t de maconha"},"content":{"rendered":"\n<ul class=\"wp-block-list\">\n<li>\u00a0por Ligado na Noticia<\/li>\n<\/ul>\n\n\n\n<p>Trabalho conjunto da Denar (Delegacia Especializada de Repress\u00e3o ao Narcotr\u00e1fico) e da PRF (Pol\u00edcia Rodovi\u00e1ria Federal) apreendeu aproximadamente duas toneladas de maconha na noite da \u00faltima segunda-feira (23\/6), em uma resid\u00eancia no munic\u00edpio de Sidrol\u00e2ndia.<\/p>\n\n\n\n<p>A a\u00e7\u00e3o faz parte da opera\u00e7\u00e3o &#8220;Narke&#8221;, de \u00e2mbito nacional e coordenada pelo Minist\u00e9rio da Justi\u00e7a e Seguran\u00e7a P\u00fablica, que tem como objetivo intensificar o combate ao tr\u00e1fico de drogas e organiza\u00e7\u00f5es criminosas em todo o pa\u00eds.<\/p>\n\n\n\n<p>Pela manh\u00e3, as equipes da Especializada iniciaram as dilig\u00eancias a partir de uma den\u00fancia an\u00f4nima que relatava o deslocamento de ve\u00edculos suspeitos vindos da fronteira com o Paraguai em dire\u00e7\u00e3o a Campo Grande. Durante o monitoramento, foi identificado um im\u00f3vel onde os autom\u00f3veis foram escondidos e no local, os ve\u00edculos carregados com grande quantidade de entorpecente.<\/p>\n\n\n\n<p>Durante a opera\u00e7\u00e3o, dois indiv\u00edduos foram detidos e tr\u00eas ve\u00edculos apreendidos. Um destes, utilizado no transporte da droga havia sido furtado na Capital no ano de 2023 e estava com sinais de adultera\u00e7\u00e3o.<\/p>\n\n\n\n<p>A droga e os ve\u00edculos foram apreendidos e encaminhados \u00e0 sede da Denar, onde os procedimentos legais foram adotados. As investiga\u00e7\u00f5es continuam a fim de identificar e localizar os demais envolvidos.<\/p>\n\n\n\n<p>A opera\u00e7\u00e3o segue em curso em diversos estados, com o objetivo de desarticular rotas do tr\u00e1fico interestadual e transnacional.<\/p>\n","protected":false},"excerpt":{"rendered":"<p>Trabalho conjunto da Denar (Delegacia Especializada de Repress\u00e3o ao Narcotr\u00e1fico) e da PRF (Pol\u00edcia Rodovi\u00e1ria Federal) apreendeu aproximadamente duas toneladas&hellip;<\/p>\n","protected":false},"author":1,"featured_media":6310,"comment_status":"open","ping_status":"open","sticky":false,"template":"","format":"standard","meta":{"footnotes":""},"categories":[1],"tags":[],"class_list":["post-6309","post","type-post","status-publish","format-standard","has-post-thumbnail","hentry","category-uncategorized"],"_links":{"self":[{"href":"https:\/\/suanoticiaaqui.com.br\/news\/wp-json\/wp\/v2\/posts\/6309","targetHints":{"allow":["GET"]}}],"collection":[{"href":"https:\/\/suanoticiaaqui.com.br\/news\/wp-json\/wp\/v2\/posts"}],"about":[{"href":"https:\/\/suanoticiaaqui.com.br\/news\/wp-json\/wp\/v2\/types\/post"}],"author":[{"embeddable":true,"href":"https:\/\/suanoticiaaqui.com.br\/news\/wp-json\/wp\/v2\/users\/1"}],"replies":[{"embeddable":true,"href":"https:\/\/suanoticiaaqui.com.br\/news\/wp-json\/wp\/v2\/comments?post=6309"}],"version-history":[{"count":1,"href":"https:\/\/suanoticiaaqui.com.br\/news\/wp-json\/wp\/v2\/posts\/6309\/revisions"}],"predecessor-version":[{"id":6311,"href":"https:\/\/suanoticiaaqui.com.br\/news\/wp-json\/wp\/v2\/posts\/6309\/revisions\/6311"}],"wp:featuredmedia":[{"embeddable":true,"href":"https:\/\/suanoticiaaqui.com.br\/news\/wp-json\/wp\/v2\/media\/6310"}],"wp:attachment":[{"href":"https:\/\/suanoticiaaqui.com.br\/news\/wp-json\/wp\/v2\/media?parent=6309"}],"wp:term":[{"taxonomy":"category","embeddable":true,"href":"https:\/\/suanoticiaaqui.com.br\/news\/wp-json\/wp\/v2\/categories?post=6309"},{"taxonomy":"post_tag","embeddable":true,"href":"https:\/\/suanoticiaaqui.com.br\/news\/wp-json\/wp\/v2\/tags?post=6309"}],"curies":[{"name":"wp","href":"https:\/\/api.w.org\/{rel}","templated":true}]}}