{"id":6312,"date":"2025-06-25T10:00:17","date_gmt":"2025-06-25T14:00:17","guid":{"rendered":"https:\/\/suanoticiaaqui.com.br\/news\/?p=6312"},"modified":"2025-06-25T10:00:17","modified_gmt":"2025-06-25T14:00:17","slug":"mae-nega-dinheiro-e-e-agredida-pelo-filho-com-cabo-de-vassoura","status":"publish","type":"post","link":"https:\/\/suanoticiaaqui.com.br\/news\/2025\/06\/25\/mae-nega-dinheiro-e-e-agredida-pelo-filho-com-cabo-de-vassoura\/","title":{"rendered":"M\u00e3e nega dinheiro e \u00e9 agredida pelo filho com cabo de vassoura"},"content":{"rendered":"\n<p>por Dourados News<\/p>\n\n\n\n<p>Um homem foi preso na ter\u00e7a-feira (24) ap\u00f3s agredir a pr\u00f3pria m\u00e3e em um bairro residencial de Nova Alvorada do Sul. A Pol\u00edcia Militar foi acionada por volta das 8h30 para atender a ocorr\u00eancia de viol\u00eancia dom\u00e9stica e encontrou a v\u00edtima com uma les\u00e3o vis\u00edvel no pesco\u00e7o.<\/p>\n\n\n\n<p>Conforme o relato da mulher aos policiais, o filho tem um hist\u00f3rico de comportamento agressivo, que costuma se intensificar ap\u00f3s o consumo frequente de bebidas energ\u00e9ticas.<\/p>\n\n\n\n<p>No dia anterior \u00e0 agress\u00e3o, ele teria quebrado o equipamento de internet da casa em um surto de raiva por n\u00e3o ter dinheiro. J\u00e1 na manh\u00e3 de ter\u00e7a-feira, ao exigir novamente dinheiro da m\u00e3e e receber uma negativa, o homem se exaltou e atingiu a v\u00edtima com um golpe de cabo de vassoura na regi\u00e3o posterior do pesco\u00e7o.<\/p>\n\n\n\n<p>Durante o atendimento da ocorr\u00eancia, o autor foi avistado pr\u00f3ximo \u00e0 resid\u00eancia. Ao receber voz de parada, tentou fugir a p\u00e9 e reagiu \u00e0 abordagem policial com empurr\u00f5es e socos. Ele foi contido com t\u00e9cnicas de imobiliza\u00e7\u00e3o e uso de algemas, sendo levado \u00e0 Delegacia de Pol\u00edcia Civil sem ferimentos.<\/p>\n\n\n\n<p>A mulher foi encaminhada ao Hospital Francisca Ortega, onde passou por exame de corpo de delito que confirmou a les\u00e3o. Ela tamb\u00e9m solicitou uma Medida Protetiva de Urg\u00eancia para que o filho n\u00e3o se aproxime mais dela.<\/p>\n\n\n\n<p>O caso foi registrado como viol\u00eancia dom\u00e9stica, les\u00e3o corporal e resist\u00eancia \u00e0 pris\u00e3o. A Pol\u00edcia Civil agora conduz as investiga\u00e7\u00f5es e a v\u00edtima ser\u00e1 acompanhada por medidas de prote\u00e7\u00e3o previstas em lei.<\/p>\n","protected":false},"excerpt":{"rendered":"<p>por Dourados News Um homem foi preso na ter\u00e7a-feira (24) ap\u00f3s agredir a pr\u00f3pria m\u00e3e em um bairro residencial de&hellip;<\/p>\n","protected":false},"author":1,"featured_media":6313,"comment_status":"open","ping_status":"open","sticky":false,"template":"","format":"standard","meta":{"footnotes":""},"categories":[1],"tags":[],"class_list":["post-6312","post","type-post","status-publish","format-standard","has-post-thumbnail","hentry","category-uncategorized"],"_links":{"self":[{"href":"https:\/\/suanoticiaaqui.com.br\/news\/wp-json\/wp\/v2\/posts\/6312","targetHints":{"allow":["GET"]}}],"collection":[{"href":"https:\/\/suanoticiaaqui.com.br\/news\/wp-json\/wp\/v2\/posts"}],"about":[{"href":"https:\/\/suanoticiaaqui.com.br\/news\/wp-json\/wp\/v2\/types\/post"}],"author":[{"embeddable":true,"href":"https:\/\/suanoticiaaqui.com.br\/news\/wp-json\/wp\/v2\/users\/1"}],"replies":[{"embeddable":true,"href":"https:\/\/suanoticiaaqui.com.br\/news\/wp-json\/wp\/v2\/comments?post=6312"}],"version-history":[{"count":1,"href":"https:\/\/suanoticiaaqui.com.br\/news\/wp-json\/wp\/v2\/posts\/6312\/revisions"}],"predecessor-version":[{"id":6314,"href":"https:\/\/suanoticiaaqui.com.br\/news\/wp-json\/wp\/v2\/posts\/6312\/revisions\/6314"}],"wp:featuredmedia":[{"embeddable":true,"href":"https:\/\/suanoticiaaqui.com.br\/news\/wp-json\/wp\/v2\/media\/6313"}],"wp:attachment":[{"href":"https:\/\/suanoticiaaqui.com.br\/news\/wp-json\/wp\/v2\/media?parent=6312"}],"wp:term":[{"taxonomy":"category","embeddable":true,"href":"https:\/\/suanoticiaaqui.com.br\/news\/wp-json\/wp\/v2\/categories?post=6312"},{"taxonomy":"post_tag","embeddable":true,"href":"https:\/\/suanoticiaaqui.com.br\/news\/wp-json\/wp\/v2\/tags?post=6312"}],"curies":[{"name":"wp","href":"https:\/\/api.w.org\/{rel}","templated":true}]}}