{"id":6315,"date":"2025-06-25T10:02:55","date_gmt":"2025-06-25T14:02:55","guid":{"rendered":"https:\/\/suanoticiaaqui.com.br\/news\/?p=6315"},"modified":"2025-06-25T10:02:55","modified_gmt":"2025-06-25T14:02:55","slug":"motociclista-morre-e-garupa-fica-ferido-apos-colisao-entre-moto-e-onibus","status":"publish","type":"post","link":"https:\/\/suanoticiaaqui.com.br\/news\/2025\/06\/25\/motociclista-morre-e-garupa-fica-ferido-apos-colisao-entre-moto-e-onibus\/","title":{"rendered":"Motociclista morre e garupa fica ferido ap\u00f3s colis\u00e3o entre moto e \u00f4nibus"},"content":{"rendered":"\n<p>por Dourados News<\/p>\n\n\n\n<p>Homem identificado como Vagner Rocha Gomes morreu na madrugada de ter\u00e7a-feira (24\/6) ap\u00f3s se envolver em acidente de tr\u00e2nsito em Ponta Por\u00e3, cidade localizada na regi\u00e3o de fronteira com o Paraguai. O fato ocorreu Avenida Belmiro de Albuquerque, quando ele pilotava uma moto que acabou colidindo contra um \u00f4nibus.<\/p>\n\n\n\n<p>Outro rapaz, que estava na companhia da v\u00edtima, foi socorrido com grave ferimento e levado ao hospital.<\/p>\n\n\n\n<p>Conforme a ocorr\u00eancia, \u00f4nibus trafegava na avenida quando foi atingido pela moto estrangeira sem placas e com chassi n\u00e3o identificado, segundo o Campo Grande News.<\/p>\n\n\n\n<p>A batida aconteceu na noite de segunda e eles foram levados ao Hospital Regional pelo Corpo de Bombeiros e Samu (Servi\u00e7o de Atendimento M\u00f3vel de Urg\u00eancia).<\/p>\n\n\n\n<p>Vagner n\u00e3o resistiu aos ferimentos e morreu durante a madrugada de ter\u00e7a-feira (24). O passageiro sofreu les\u00e3o grave na perna esquerda e, durante o atendimento, revelou ao m\u00e9dico de plant\u00e3o que havia consumido vodka e coca\u00edna.<\/p>\n\n\n\n<p>Uma garrafa de pinga foi encontrada presa \u00e0 sua cintura, conforme registro fotogr\u00e1fico da PM.<\/p>\n\n\n\n<p>O motorista do \u00f4nibus passou por teste do baf\u00f4metro, que deu negativo. Ele n\u00e3o sofreu ferimentos e foi liberado ap\u00f3s prestar esclarecimentos e entregar os registros do tac\u00f3grafo e etil\u00f4metro \u00e0s autoridades de tr\u00e2nsito.<\/p>\n\n\n\n<p>A moto foi apreendida e recolhida ao p\u00e1tio do Detran local. N\u00e3o havia documenta\u00e7\u00e3o do ve\u00edculo, o que dificultou a identifica\u00e7\u00e3o imediata do condutor que faleceu.<\/p>\n","protected":false},"excerpt":{"rendered":"<p>por Dourados News Homem identificado como Vagner Rocha Gomes morreu na madrugada de ter\u00e7a-feira (24\/6) ap\u00f3s se envolver em acidente&hellip;<\/p>\n","protected":false},"author":1,"featured_media":6316,"comment_status":"open","ping_status":"open","sticky":false,"template":"","format":"standard","meta":{"footnotes":""},"categories":[1],"tags":[],"class_list":["post-6315","post","type-post","status-publish","format-standard","has-post-thumbnail","hentry","category-uncategorized"],"_links":{"self":[{"href":"https:\/\/suanoticiaaqui.com.br\/news\/wp-json\/wp\/v2\/posts\/6315","targetHints":{"allow":["GET"]}}],"collection":[{"href":"https:\/\/suanoticiaaqui.com.br\/news\/wp-json\/wp\/v2\/posts"}],"about":[{"href":"https:\/\/suanoticiaaqui.com.br\/news\/wp-json\/wp\/v2\/types\/post"}],"author":[{"embeddable":true,"href":"https:\/\/suanoticiaaqui.com.br\/news\/wp-json\/wp\/v2\/users\/1"}],"replies":[{"embeddable":true,"href":"https:\/\/suanoticiaaqui.com.br\/news\/wp-json\/wp\/v2\/comments?post=6315"}],"version-history":[{"count":1,"href":"https:\/\/suanoticiaaqui.com.br\/news\/wp-json\/wp\/v2\/posts\/6315\/revisions"}],"predecessor-version":[{"id":6317,"href":"https:\/\/suanoticiaaqui.com.br\/news\/wp-json\/wp\/v2\/posts\/6315\/revisions\/6317"}],"wp:featuredmedia":[{"embeddable":true,"href":"https:\/\/suanoticiaaqui.com.br\/news\/wp-json\/wp\/v2\/media\/6316"}],"wp:attachment":[{"href":"https:\/\/suanoticiaaqui.com.br\/news\/wp-json\/wp\/v2\/media?parent=6315"}],"wp:term":[{"taxonomy":"category","embeddable":true,"href":"https:\/\/suanoticiaaqui.com.br\/news\/wp-json\/wp\/v2\/categories?post=6315"},{"taxonomy":"post_tag","embeddable":true,"href":"https:\/\/suanoticiaaqui.com.br\/news\/wp-json\/wp\/v2\/tags?post=6315"}],"curies":[{"name":"wp","href":"https:\/\/api.w.org\/{rel}","templated":true}]}}