{"id":6318,"date":"2025-06-25T10:04:34","date_gmt":"2025-06-25T14:04:34","guid":{"rendered":"https:\/\/suanoticiaaqui.com.br\/news\/?p=6318"},"modified":"2025-06-25T10:04:34","modified_gmt":"2025-06-25T14:04:34","slug":"prf-monitorou-alvo-por-40-dias-antes-de-realizar-maior-apreensao-de-maconha-do-ano","status":"publish","type":"post","link":"https:\/\/suanoticiaaqui.com.br\/news\/2025\/06\/25\/prf-monitorou-alvo-por-40-dias-antes-de-realizar-maior-apreensao-de-maconha-do-ano\/","title":{"rendered":"PRF monitorou alvo por 40 dias antes de realizar maior apreens\u00e3o de maconha do ano\u00a0"},"content":{"rendered":"\n<p>Por\u00a0<strong>Adriano Moretto<\/strong><\/p>\n\n\n\n<p>A maior apreens\u00e3o de maconha do ano at\u00e9 o momento no pa\u00eds, realizada na manh\u00e3 desta quarta-feira (28\/5), na MS-156, em Caarap\u00f3, foi monitorada pelo setor de intelig\u00eancia da PRF (Pol\u00edcia Rodovi\u00e1ria Federal) por aproximadamente 40 dias.&nbsp;<\/p>\n\n\n\n<p>As informa\u00e7\u00f5es foram repassadas ao&nbsp;<em><strong>Dourados News&nbsp;<\/strong><\/em>pelo chefe da delegacia da PRF em Dourados, inspetor Waldir Brasil.&nbsp;<\/p>\n\n\n\n<p>No total, 27,2 toneladas do entorpecente estavam escondidas em meio a uma carga de milho. Ademir Soares, 29, morador em Santa Catarina, acabou autuado em flagrante pelo tr\u00e1fico.<\/p>\n\n\n\n<figure class=\"wp-block-image\"><img decoding=\"async\" src=\"https:\/\/cdn.douradosnews.com.br\/upload\/dn_arquivo\/2025\/05\/img-20250528-wa0515.jpg\" alt=\"\"\/><\/figure>\n\n\n\n<p>Segundo Brasil, durante o trabalho da intelig\u00eancia&nbsp;foram coletados dados suficientes para montar o quebra-cabe\u00e7a em torno do transporte da droga.&nbsp;<\/p>\n\n\n\n<p>\u201cA apreens\u00e3o \u00e9 fruto de um trabalho da \u00e1rea de intelig\u00eancia policial da Pol\u00edcia Rodovi\u00e1ria Federal, ap\u00f3s 40 dias de monitoramento em cima dessa carreta. Atrav\u00e9s de dados estat\u00edsticos e coletas de informa\u00e7\u00f5es, montamos o quebra-cabe\u00e7a do alvo a ser abordado\u201d, disse em entrevista ao&nbsp;<em><strong>Dourados News<\/strong><\/em>.&nbsp;<\/p>\n\n\n\n<p>A abordagem ocorreu pela manh\u00e3 na via estadual, pr\u00f3ximo ao acesso \u00e0 BR-163, rodovia federal que faz a liga\u00e7\u00e3o \u00e0&nbsp;regi\u00e3o at\u00e9 Mundo Novo, no Sul do Estado, onde o motorista confessou ser o destino do entorpecente.&nbsp;<\/p>\n\n\n\n<p>\u00c0 pol\u00edcia no momento da abordagem, Ademir se mostrou calmo, afirmando ter carregado os gr\u00e3os para levar a Santa Catarina.&nbsp;<\/p>\n\n\n\n<p>Por\u00e9m, com as informa\u00e7\u00f5es sobre a carga, os policiais vistoriaram a carreta e encontraram os fardos com a maconha.&nbsp;<\/p>\n\n\n\n<p>O motorista ent\u00e3o confessou ter dirigido at\u00e9 Pedro Juan Caballero, munic\u00edpio paraguaio separado por uma rua de Ponta Por\u00e3, onde foi colocada a maconha.&nbsp;Pelo transporte at\u00e9 Mundo Novo, disse que receberia R$ 50 mil.<\/p>\n\n\n\n<p>A ocorr\u00eancia foi encaminhada \u00e0 Pol\u00edcia Federal em Dourados para as provid\u00eancias cab\u00edveis.&nbsp;<\/p>\n\n\n\n<p>A apreens\u00e3o ocorreu no \u00e2mbito da Opera\u00e7\u00e3o \u00c1gata Tempestade no Oeste II, que re\u00fane v\u00e1rias for\u00e7as de seguran\u00e7a.<\/p>\n","protected":false},"excerpt":{"rendered":"<p>Por\u00a0Adriano Moretto A maior apreens\u00e3o de maconha do ano at\u00e9 o momento no pa\u00eds, realizada na manh\u00e3 desta quarta-feira (28\/5),&hellip;<\/p>\n","protected":false},"author":1,"featured_media":6319,"comment_status":"open","ping_status":"open","sticky":false,"template":"","format":"standard","meta":{"footnotes":""},"categories":[1],"tags":[],"class_list":["post-6318","post","type-post","status-publish","format-standard","has-post-thumbnail","hentry","category-uncategorized"],"_links":{"self":[{"href":"https:\/\/suanoticiaaqui.com.br\/news\/wp-json\/wp\/v2\/posts\/6318","targetHints":{"allow":["GET"]}}],"collection":[{"href":"https:\/\/suanoticiaaqui.com.br\/news\/wp-json\/wp\/v2\/posts"}],"about":[{"href":"https:\/\/suanoticiaaqui.com.br\/news\/wp-json\/wp\/v2\/types\/post"}],"author":[{"embeddable":true,"href":"https:\/\/suanoticiaaqui.com.br\/news\/wp-json\/wp\/v2\/users\/1"}],"replies":[{"embeddable":true,"href":"https:\/\/suanoticiaaqui.com.br\/news\/wp-json\/wp\/v2\/comments?post=6318"}],"version-history":[{"count":1,"href":"https:\/\/suanoticiaaqui.com.br\/news\/wp-json\/wp\/v2\/posts\/6318\/revisions"}],"predecessor-version":[{"id":6320,"href":"https:\/\/suanoticiaaqui.com.br\/news\/wp-json\/wp\/v2\/posts\/6318\/revisions\/6320"}],"wp:featuredmedia":[{"embeddable":true,"href":"https:\/\/suanoticiaaqui.com.br\/news\/wp-json\/wp\/v2\/media\/6319"}],"wp:attachment":[{"href":"https:\/\/suanoticiaaqui.com.br\/news\/wp-json\/wp\/v2\/media?parent=6318"}],"wp:term":[{"taxonomy":"category","embeddable":true,"href":"https:\/\/suanoticiaaqui.com.br\/news\/wp-json\/wp\/v2\/categories?post=6318"},{"taxonomy":"post_tag","embeddable":true,"href":"https:\/\/suanoticiaaqui.com.br\/news\/wp-json\/wp\/v2\/tags?post=6318"}],"curies":[{"name":"wp","href":"https:\/\/api.w.org\/{rel}","templated":true}]}}