{"id":6321,"date":"2025-06-25T10:07:36","date_gmt":"2025-06-25T14:07:36","guid":{"rendered":"https:\/\/suanoticiaaqui.com.br\/news\/?p=6321"},"modified":"2025-06-25T10:07:36","modified_gmt":"2025-06-25T14:07:36","slug":"motorista-perde-controle-da-direcao-e-atinge-poste-que-cai-sobre-veiculoacidente-aconteceu-em-frente-a-base-da-policia-rodoviaria-federal-na-br-267-na-manha-desta-quarta-feira","status":"publish","type":"post","link":"https:\/\/suanoticiaaqui.com.br\/news\/2025\/06\/25\/motorista-perde-controle-da-direcao-e-atinge-poste-que-cai-sobre-veiculoacidente-aconteceu-em-frente-a-base-da-policia-rodoviaria-federal-na-br-267-na-manha-desta-quarta-feira\/","title":{"rendered":"Motorista perde controle da dire\u00e7\u00e3o e atinge poste que cai sobre ve\u00edculoAcidente aconteceu em frente \u00e0 base da Pol\u00edcia Rodovi\u00e1ria Federal na BR-267 na manh\u00e3 desta quarta-feira"},"content":{"rendered":"\n<p>Por Ana Paula Chuva<\/p>\n\n\n\n<p>Motorista n\u00e3o identificado causou acidente no in\u00edcio da manh\u00e3 desta quarta-feira (25), em frente \u00e0 base da PRF (Pol\u00edcia Rodovi\u00e1ria Federal), regi\u00e3o de Nova Alvorada do Sul, distante 116 quil\u00f4metros de Campo Grande. Ele atingiu um poste de ilumina\u00e7\u00e3o na rodovia e teve o carro destru\u00eddo quando a estrutura de concreto caiu.<\/p>\n\n\n\n<p>Segundo informa\u00e7\u00f5es iniciais, o condutor seguia sentido Nova Alvorada do Sul pela BR-267 quando, por causas a serem apuradas, perdeu o controle da dire\u00e7\u00e3o do Virtus. O homem ent\u00e3o saiu da pista com o ve\u00edculo e atingiu o poste que fica quase em frente \u00e0 base da PRF.<\/p>\n\n\n\n<p>Com o impacto da batida, o poste de concreto caiu sobre o carro que ficou destru\u00eddo. A pista precisou ser parcialmente interditada por conta do acidente. O motorista foi levado para hospital da cidade com ferimentos leves.<\/p>\n\n\n\n<p>O\u00a0Campo Grande News, entrou em contato com a PRF para saber se a queda do poste chegou a interferir no funcionamento da base e h\u00e1 informa\u00e7\u00f5es sobre o condutor e aguarda o retorno.<\/p>\n","protected":false},"excerpt":{"rendered":"<p>Por Ana Paula Chuva Motorista n\u00e3o identificado causou acidente no in\u00edcio da manh\u00e3 desta quarta-feira (25), em frente \u00e0 base&hellip;<\/p>\n","protected":false},"author":1,"featured_media":6322,"comment_status":"open","ping_status":"open","sticky":false,"template":"","format":"standard","meta":{"footnotes":""},"categories":[1],"tags":[],"class_list":["post-6321","post","type-post","status-publish","format-standard","has-post-thumbnail","hentry","category-uncategorized"],"_links":{"self":[{"href":"https:\/\/suanoticiaaqui.com.br\/news\/wp-json\/wp\/v2\/posts\/6321","targetHints":{"allow":["GET"]}}],"collection":[{"href":"https:\/\/suanoticiaaqui.com.br\/news\/wp-json\/wp\/v2\/posts"}],"about":[{"href":"https:\/\/suanoticiaaqui.com.br\/news\/wp-json\/wp\/v2\/types\/post"}],"author":[{"embeddable":true,"href":"https:\/\/suanoticiaaqui.com.br\/news\/wp-json\/wp\/v2\/users\/1"}],"replies":[{"embeddable":true,"href":"https:\/\/suanoticiaaqui.com.br\/news\/wp-json\/wp\/v2\/comments?post=6321"}],"version-history":[{"count":1,"href":"https:\/\/suanoticiaaqui.com.br\/news\/wp-json\/wp\/v2\/posts\/6321\/revisions"}],"predecessor-version":[{"id":6323,"href":"https:\/\/suanoticiaaqui.com.br\/news\/wp-json\/wp\/v2\/posts\/6321\/revisions\/6323"}],"wp:featuredmedia":[{"embeddable":true,"href":"https:\/\/suanoticiaaqui.com.br\/news\/wp-json\/wp\/v2\/media\/6322"}],"wp:attachment":[{"href":"https:\/\/suanoticiaaqui.com.br\/news\/wp-json\/wp\/v2\/media?parent=6321"}],"wp:term":[{"taxonomy":"category","embeddable":true,"href":"https:\/\/suanoticiaaqui.com.br\/news\/wp-json\/wp\/v2\/categories?post=6321"},{"taxonomy":"post_tag","embeddable":true,"href":"https:\/\/suanoticiaaqui.com.br\/news\/wp-json\/wp\/v2\/tags?post=6321"}],"curies":[{"name":"wp","href":"https:\/\/api.w.org\/{rel}","templated":true}]}}