{"id":6327,"date":"2025-06-25T10:52:52","date_gmt":"2025-06-25T14:52:52","guid":{"rendered":"https:\/\/suanoticiaaqui.com.br\/news\/?p=6327"},"modified":"2025-06-25T10:52:52","modified_gmt":"2025-06-25T14:52:52","slug":"bombeiros-de-ms-abrem-selecao-com-salarios-de-ate-r-13-mil","status":"publish","type":"post","link":"https:\/\/suanoticiaaqui.com.br\/news\/2025\/06\/25\/bombeiros-de-ms-abrem-selecao-com-salarios-de-ate-r-13-mil\/","title":{"rendered":"Bombeiros de MS abrem sele\u00e7\u00e3o com sal\u00e1rios de at\u00e9 R$ 13 mil"},"content":{"rendered":"\n<h2 class=\"wp-block-heading\">Os cargos abrangem vagas tempor\u00e1rias de n\u00edvel superior e m\u00e9dio.<\/h2>\n\n\n\n<p>por\u00a0<strong>Midiamax<\/strong><\/p>\n\n\n\n<p>Est\u00e1 em busca de emprego? O Corpo de Bombeiros Militar de Mato Grosso do Sul abriu dois novos processos seletivos com sal\u00e1rios que podem chegar a R$ 13 mil. Ao todo, s\u00e3o ofertadas 20 vagas para as \u00e1reas de TI (Tecnologia da Informa\u00e7\u00e3o) e M\u00fasica, em n\u00edveis superior e m\u00e9dio.<\/p>\n\n\n\n<p>Os cargos abrangem vagas tempor\u00e1rias de n\u00edvel superior e m\u00e9dio, divididas entre o Quadro de Oficiais Especialistas Tempor\u00e1rios e o Quadro de Pra\u00e7as Tempor\u00e1rios Bombeiro Militar. Os sal\u00e1rios variam entre R$ 3,8 e R$ 13 mil.<\/p>\n\n\n\n<h3 class=\"wp-block-heading\"><strong>Vagas para \u00e1rea de TI<\/strong><\/h3>\n\n\n\n<p>Na \u00e1rea de TI, o certame oferta dez vagas para segundo-tenente bombeiro militar tempor\u00e1rio, com remunera\u00e7\u00e3o de at\u00e9 R$ 13 mil, ap\u00f3s a conclus\u00e3o do curso de capacita\u00e7\u00e3o. A sele\u00e7\u00e3o \u00e9 destinada a candidatos com forma\u00e7\u00e3o de n\u00edvel superior, que passar\u00e3o por um curso espec\u00edfico de treinamento e capacita\u00e7\u00e3o profissional antes de assumirem o posto.<\/p>\n\n\n\n<p>As vagas abrangem a fun\u00e7\u00e3o de Analista de TI \u2013 desenvolvedor React\/Node Pleno Full Stack (8), cientistas de dados (1) e especialista em rede de computadores (1), com sal\u00e1rio-base de R$ 13.142,82.<\/p>\n\n\n\n<p>Podem concorrer candidatos com diploma de gradua\u00e7\u00e3o em \u00e1reas como Ci\u00eancia da Computa\u00e7\u00e3o, Engenharia de Software, Sistemas de Informa\u00e7\u00e3o, entre outros cursos relacionados \u00e0 Tecnologia da Informa\u00e7\u00e3o.<\/p>\n\n\n\n<p>Os aprovados v\u00e3o compor o Quadro de Oficiais Especialistas Tempor\u00e1rios, exercendo fun\u00e7\u00f5es de apoio t\u00e9cnico e operacional dentro da corpora\u00e7\u00e3o.<\/p>\n\n\n\n<h3 class=\"wp-block-heading\"><strong>Vagas para m\u00fasicos<\/strong><\/h3>\n\n\n\n<p>J\u00e1 o segundo edital disponibiliza dez vagas para soldado auxiliar de opera\u00e7\u00f5es de bombeiro militar \u2013 Especialista, com sal\u00e1rio-base de R$ 3.815,88. Os candidatos devem possuir ensino m\u00e9dio completo e habilidades musicais espec\u00edficas, pois as vagas s\u00e3o destinadas \u00e0 atua\u00e7\u00e3o na banda de m\u00fasica da corpora\u00e7\u00e3o. Al\u00e9m disso, devem ter entre 18 e 40 anos.<\/p>\n\n\n\n<p>As atribui\u00e7\u00f5es incluem execu\u00e7\u00e3o de pe\u00e7as musicais em eventos militares e sociais, al\u00e9m de participa\u00e7\u00e3o em projetos de educa\u00e7\u00e3o musical e a\u00e7\u00f5es sociais. As vagas est\u00e3o distribu\u00eddas entre os seguintes instrumentos: clarinete em sib \u2013 2 vagas; saxofone-alto em mib \u2013 1 vaga; trompete em sib \u2013 1 vaga; trompa em f\u00e1 \u2013 1 vaga; trombone em sib \u2013 1 vaga; euf\u00f4nio em sib \u2013 1 vaga; tuba em sib \u2013 1 vaga; contrabaixo el\u00e9trico \u2013 1 vaga; e, por fim, percuss\u00e3o (bateria completa) \u2013 1 vaga.<\/p>\n\n\n\n<p>Os selecionados tamb\u00e9m passar\u00e3o por curso de capacita\u00e7\u00e3o e, ap\u00f3s aprova\u00e7\u00e3o, integrados temporariamente \u00e0 corpora\u00e7\u00e3o.<\/p>\n\n\n\n<h3 class=\"wp-block-heading\"><strong>Inscri\u00e7\u00f5es<\/strong><\/h3>\n\n\n\n<p>Podem se inscrever brasileiros com aptid\u00e3o f\u00edsica e mental plena, conforme previsto em lei. N\u00e3o haver\u00e1 reserva de vagas para pessoas com defici\u00eancia devido \u00e0 natureza das atividades exercidas. Ainda conforme o edital, a sele\u00e7\u00e3o abrange avalia\u00e7\u00e3o curricular, teste de habilidades espec\u00edficas e entrevista pessoal.<\/p>\n\n\n\n<p>As inscri\u00e7\u00f5es para os dois processos seletivos seguem abertas at\u00e9 o dia 14 de julho, exclusivamente pelo site&nbsp;<a href=\"https:\/\/www.econcursoms.ms.gov.br\/Index\">www.econcursoms.ms.gov.br<\/a>. Mais informa\u00e7\u00f5es est\u00e3o dispon\u00edveis no edital:&nbsp;<a href=\"https:\/\/www.spdo.ms.gov.br\/diariodoe\/Index\/Download\/DO11862_24_06_2025\">https:\/\/www.spdo.ms.gov.br\/<\/a>.<\/p>\n","protected":false},"excerpt":{"rendered":"<p>Os cargos abrangem vagas tempor\u00e1rias de n\u00edvel superior e m\u00e9dio. por\u00a0Midiamax Est\u00e1 em busca de emprego? O Corpo de Bombeiros&hellip;<\/p>\n","protected":false},"author":1,"featured_media":6328,"comment_status":"open","ping_status":"open","sticky":false,"template":"","format":"standard","meta":{"footnotes":""},"categories":[1],"tags":[],"class_list":["post-6327","post","type-post","status-publish","format-standard","has-post-thumbnail","hentry","category-uncategorized"],"_links":{"self":[{"href":"https:\/\/suanoticiaaqui.com.br\/news\/wp-json\/wp\/v2\/posts\/6327","targetHints":{"allow":["GET"]}}],"collection":[{"href":"https:\/\/suanoticiaaqui.com.br\/news\/wp-json\/wp\/v2\/posts"}],"about":[{"href":"https:\/\/suanoticiaaqui.com.br\/news\/wp-json\/wp\/v2\/types\/post"}],"author":[{"embeddable":true,"href":"https:\/\/suanoticiaaqui.com.br\/news\/wp-json\/wp\/v2\/users\/1"}],"replies":[{"embeddable":true,"href":"https:\/\/suanoticiaaqui.com.br\/news\/wp-json\/wp\/v2\/comments?post=6327"}],"version-history":[{"count":1,"href":"https:\/\/suanoticiaaqui.com.br\/news\/wp-json\/wp\/v2\/posts\/6327\/revisions"}],"predecessor-version":[{"id":6329,"href":"https:\/\/suanoticiaaqui.com.br\/news\/wp-json\/wp\/v2\/posts\/6327\/revisions\/6329"}],"wp:featuredmedia":[{"embeddable":true,"href":"https:\/\/suanoticiaaqui.com.br\/news\/wp-json\/wp\/v2\/media\/6328"}],"wp:attachment":[{"href":"https:\/\/suanoticiaaqui.com.br\/news\/wp-json\/wp\/v2\/media?parent=6327"}],"wp:term":[{"taxonomy":"category","embeddable":true,"href":"https:\/\/suanoticiaaqui.com.br\/news\/wp-json\/wp\/v2\/categories?post=6327"},{"taxonomy":"post_tag","embeddable":true,"href":"https:\/\/suanoticiaaqui.com.br\/news\/wp-json\/wp\/v2\/tags?post=6327"}],"curies":[{"name":"wp","href":"https:\/\/api.w.org\/{rel}","templated":true}]}}