{"id":6330,"date":"2025-06-25T11:03:20","date_gmt":"2025-06-25T15:03:20","guid":{"rendered":"https:\/\/suanoticiaaqui.com.br\/news\/?p=6330"},"modified":"2025-06-25T11:03:20","modified_gmt":"2025-06-25T15:03:20","slug":"trump-reage-a-fala-russa-sobre-armas-nucleares-no-ira","status":"publish","type":"post","link":"https:\/\/suanoticiaaqui.com.br\/news\/2025\/06\/25\/trump-reage-a-fala-russa-sobre-armas-nucleares-no-ira\/","title":{"rendered":"Trump reage a fala russa sobre armas nucleares no Ir\u00e3"},"content":{"rendered":"\n<p>Presidente americano cita submarinos nucleares e alerta para amea\u00e7a de fornecimento de ogivas ao regime iraniano<\/p>\n\n\n\n<ul class=\"wp-block-list\">\n<li><a href=\"https:\/\/bradockshow.com.br\/author\/marcotoledo\/\"><\/a>por <a href=\"https:\/\/bradockshow.com.br\/author\/marcotoledo\/\">Marco Toledo<\/a><\/li>\n<\/ul>\n\n\n\n<p>O presidente dos Estados Unidos, Donald Trump, reagiu nesta segunda-feira (23) \u00e0 declara\u00e7\u00e3o do ex-presidente russo Dmitry Medvedev, que sugeriu o fornecimento de ogivas nucleares ao Ir\u00e3. \u201cOuvi Medvedev proferindo casualmente a \u2018palavra com N\u2019&#8230; Se ele realmente disse isso, me avisem imediatamente\u201d, escreveu Trump em sua rede Truth Social, cobrando responsabilidade diante do que chamou de \u201ca arma mais letal j\u00e1 criada\u201d.<\/p>\n\n\n\n<p>Trump tamb\u00e9m fez refer\u00eancia aos ataques realizados no s\u00e1bado (21) contra tr\u00eas instala\u00e7\u00f5es nucleares iranianas, e destacou o desempenho militar americano: \u201cSe algu\u00e9m achou nosso \u2018hardware\u2019 impressionante, esperem para ver nossos submarinos nucleares&#8230; lan\u00e7aram 30 Tomahawks e todos atingiram seus alvos com precis\u00e3o\u201d. O presidente agradeceu \u00e0 tripula\u00e7\u00e3o e classificou os equipamentos como \u201c20 anos \u00e0 frente do resto\u201d.<\/p>\n\n\n\n<p>Medvedev, hoje vice do Conselho de Seguran\u00e7a russo, afirmou que os bombardeios n\u00e3o atingiram os alvos principais, o que teria impulsionado o apoio estrangeiro ao Ir\u00e3. A fala, considerada agressiva por analistas, refor\u00e7a sua guinada ret\u00f3rica desde que perdeu influ\u00eancia interna. Enquanto isso, o Ir\u00e3 anuncia reuni\u00f5es com Moscou, tratando as conversas como \u201cconsultas estrat\u00e9gicas\u201d com o Kremlin.<\/p>\n","protected":false},"excerpt":{"rendered":"<p>Presidente americano cita submarinos nucleares e alerta para amea\u00e7a de fornecimento de ogivas ao regime iraniano O presidente dos Estados&hellip;<\/p>\n","protected":false},"author":1,"featured_media":6331,"comment_status":"open","ping_status":"open","sticky":false,"template":"","format":"standard","meta":{"footnotes":""},"categories":[1],"tags":[],"class_list":["post-6330","post","type-post","status-publish","format-standard","has-post-thumbnail","hentry","category-uncategorized"],"_links":{"self":[{"href":"https:\/\/suanoticiaaqui.com.br\/news\/wp-json\/wp\/v2\/posts\/6330","targetHints":{"allow":["GET"]}}],"collection":[{"href":"https:\/\/suanoticiaaqui.com.br\/news\/wp-json\/wp\/v2\/posts"}],"about":[{"href":"https:\/\/suanoticiaaqui.com.br\/news\/wp-json\/wp\/v2\/types\/post"}],"author":[{"embeddable":true,"href":"https:\/\/suanoticiaaqui.com.br\/news\/wp-json\/wp\/v2\/users\/1"}],"replies":[{"embeddable":true,"href":"https:\/\/suanoticiaaqui.com.br\/news\/wp-json\/wp\/v2\/comments?post=6330"}],"version-history":[{"count":1,"href":"https:\/\/suanoticiaaqui.com.br\/news\/wp-json\/wp\/v2\/posts\/6330\/revisions"}],"predecessor-version":[{"id":6332,"href":"https:\/\/suanoticiaaqui.com.br\/news\/wp-json\/wp\/v2\/posts\/6330\/revisions\/6332"}],"wp:featuredmedia":[{"embeddable":true,"href":"https:\/\/suanoticiaaqui.com.br\/news\/wp-json\/wp\/v2\/media\/6331"}],"wp:attachment":[{"href":"https:\/\/suanoticiaaqui.com.br\/news\/wp-json\/wp\/v2\/media?parent=6330"}],"wp:term":[{"taxonomy":"category","embeddable":true,"href":"https:\/\/suanoticiaaqui.com.br\/news\/wp-json\/wp\/v2\/categories?post=6330"},{"taxonomy":"post_tag","embeddable":true,"href":"https:\/\/suanoticiaaqui.com.br\/news\/wp-json\/wp\/v2\/tags?post=6330"}],"curies":[{"name":"wp","href":"https:\/\/api.w.org\/{rel}","templated":true}]}}