{"id":6333,"date":"2025-06-25T11:04:21","date_gmt":"2025-06-25T15:04:21","guid":{"rendered":"https:\/\/suanoticiaaqui.com.br\/news\/?p=6333"},"modified":"2025-06-25T11:04:21","modified_gmt":"2025-06-25T15:04:21","slug":"gafes-de-lula-no-g7-reacendem-debate-sobre-idade-e-viabilidade-eleitoral","status":"publish","type":"post","link":"https:\/\/suanoticiaaqui.com.br\/news\/2025\/06\/25\/gafes-de-lula-no-g7-reacendem-debate-sobre-idade-e-viabilidade-eleitoral\/","title":{"rendered":"Gafes de Lula no G7 reacendem debate sobre idade e viabilidade eleitoral"},"content":{"rendered":"\n<p>Erros em evento internacional alimentam cr\u00edticas e preocupa\u00e7\u00f5es na base governista<\/p>\n\n\n\n<ul class=\"wp-block-list\">\n<li><a href=\"https:\/\/bradockshow.com.br\/author\/marcotoledo\/\"><\/a>por <a href=\"https:\/\/bradockshow.com.br\/author\/marcotoledo\/\">Marco Toledo<\/a><\/li>\n<\/ul>\n\n\n\n<p>Durante a c\u00fapula do G7 no Canad\u00e1, o presidente Luiz In\u00e1cio Lula da Silva cometeu duas gafes que reacenderam questionamentos sobre sua idade e capacidade para disputar a reelei\u00e7\u00e3o em 2026.<\/p>\n\n\n\n<p>Em momento de foto oficial, Lula se distraiu e precisou ser chamado para olhar \u00e0 c\u00e2mera; em outro, interrompeu o discurso do primeiro-ministro canadense para reclamar do aparelho de tradu\u00e7\u00e3o.<\/p>\n\n\n\n<p>O senador Sergio Moro afirmou que \u201cLula mostra sinais de senilidade\u201d, refor\u00e7ando a narrativa da oposi\u00e7\u00e3o sobre a fragilidade do presidente, que completar\u00e1 80 anos em outubro.<\/p>\n\n\n\n<p>No PT, h\u00e1 receio de que a idade seja explorada como principal linha de ataque eleitoral, apesar de manterem a estrat\u00e9gia de candidatura e apostarem em avan\u00e7os econ\u00f4micos.<\/p>\n\n\n\n<p>A compara\u00e7\u00e3o com Joe Biden, que desistiu da reelei\u00e7\u00e3o, \u00e9 constante e ganha peso diante do desgaste p\u00fablico do petista. Enquanto aliados tentam minimizar, especialistas apontam que o impacto simb\u00f3lico dessas falhas pode influenciar o eleitorado nas redes sociais.<\/p>\n","protected":false},"excerpt":{"rendered":"<p>Erros em evento internacional alimentam cr\u00edticas e preocupa\u00e7\u00f5es na base governista Durante a c\u00fapula do G7 no Canad\u00e1, o presidente&hellip;<\/p>\n","protected":false},"author":1,"featured_media":6334,"comment_status":"open","ping_status":"open","sticky":false,"template":"","format":"standard","meta":{"footnotes":""},"categories":[1],"tags":[],"class_list":["post-6333","post","type-post","status-publish","format-standard","has-post-thumbnail","hentry","category-uncategorized"],"_links":{"self":[{"href":"https:\/\/suanoticiaaqui.com.br\/news\/wp-json\/wp\/v2\/posts\/6333","targetHints":{"allow":["GET"]}}],"collection":[{"href":"https:\/\/suanoticiaaqui.com.br\/news\/wp-json\/wp\/v2\/posts"}],"about":[{"href":"https:\/\/suanoticiaaqui.com.br\/news\/wp-json\/wp\/v2\/types\/post"}],"author":[{"embeddable":true,"href":"https:\/\/suanoticiaaqui.com.br\/news\/wp-json\/wp\/v2\/users\/1"}],"replies":[{"embeddable":true,"href":"https:\/\/suanoticiaaqui.com.br\/news\/wp-json\/wp\/v2\/comments?post=6333"}],"version-history":[{"count":1,"href":"https:\/\/suanoticiaaqui.com.br\/news\/wp-json\/wp\/v2\/posts\/6333\/revisions"}],"predecessor-version":[{"id":6335,"href":"https:\/\/suanoticiaaqui.com.br\/news\/wp-json\/wp\/v2\/posts\/6333\/revisions\/6335"}],"wp:featuredmedia":[{"embeddable":true,"href":"https:\/\/suanoticiaaqui.com.br\/news\/wp-json\/wp\/v2\/media\/6334"}],"wp:attachment":[{"href":"https:\/\/suanoticiaaqui.com.br\/news\/wp-json\/wp\/v2\/media?parent=6333"}],"wp:term":[{"taxonomy":"category","embeddable":true,"href":"https:\/\/suanoticiaaqui.com.br\/news\/wp-json\/wp\/v2\/categories?post=6333"},{"taxonomy":"post_tag","embeddable":true,"href":"https:\/\/suanoticiaaqui.com.br\/news\/wp-json\/wp\/v2\/tags?post=6333"}],"curies":[{"name":"wp","href":"https:\/\/api.w.org\/{rel}","templated":true}]}}