{"id":6336,"date":"2025-06-25T11:05:24","date_gmt":"2025-06-25T15:05:24","guid":{"rendered":"https:\/\/suanoticiaaqui.com.br\/news\/?p=6336"},"modified":"2025-06-25T11:05:24","modified_gmt":"2025-06-25T15:05:24","slug":"camara-pede-a-pgr-investigacao-sobre-lula-na-farra-do-inss","status":"publish","type":"post","link":"https:\/\/suanoticiaaqui.com.br\/news\/2025\/06\/25\/camara-pede-a-pgr-investigacao-sobre-lula-na-farra-do-inss\/","title":{"rendered":"C\u00e2mara pede \u00e0 PGR investiga\u00e7\u00e3o sobre Lula na &#8216;Farra do INSS&#8217;"},"content":{"rendered":"\n<p>Requerimento questiona suposta interfer\u00eancia do presidente em apura\u00e7\u00f5es que envolvem R$ 6,3 bilh\u00f5es<\/p>\n\n\n\n<ul class=\"wp-block-list\">\n<li><a href=\"https:\/\/bradockshow.com.br\/author\/marcotoledo\/\"><\/a>por <a href=\"https:\/\/bradockshow.com.br\/author\/marcotoledo\/\">Marco Toledo<\/a><\/li>\n<\/ul>\n\n\n\n<p>A Comiss\u00e3o de Seguran\u00e7a P\u00fablica da C\u00e2mara aprovou um pedido para que a Procuradoria-Geral da Rep\u00fablica investigue o presidente Luiz In\u00e1cio Lula da Silva por poss\u00edvel interfer\u00eancia nas investiga\u00e7\u00f5es da \u201cFarra do INSS\u201d.<\/p>\n\n\n\n<p>O requerimento ser\u00e1 encaminhado apenas se autorizado pelo presidente da C\u00e2mara, deputado Hugo Motta. Lula teria orientado \u00f3rg\u00e3os de controle a agir com \u201cmuita cautela\u201d para evitar \u201ccrucifica\u00e7\u00f5es\u201d durante apura\u00e7\u00f5es.<\/p>\n\n\n\n<p>A suspeita baseia-se em entrevista dada em 3 de junho, quando o presidente falou sobre o cuidado na condu\u00e7\u00e3o das investiga\u00e7\u00f5es da Pol\u00edcia Federal e Controladoria-Geral da Uni\u00e3o. O caso envolve descontos ilegais que podem ter causado preju\u00edzo de R$ 6,3 bilh\u00f5es aos cofres p\u00fablicos.<\/p>\n\n\n\n<p>O documento aprovado pela comiss\u00e3o aponta poss\u00edveis \u201cdesvios de finalidade\u201d e \u201ccrime de responsabilidade\u201d, o que poderia justificar um pedido de impeachment. A Presid\u00eancia ainda n\u00e3o se manifestou sobre o assunto.<\/p>\n\n\n\n<p><\/p>\n","protected":false},"excerpt":{"rendered":"<p>Requerimento questiona suposta interfer\u00eancia do presidente em apura\u00e7\u00f5es que envolvem R$ 6,3 bilh\u00f5es A Comiss\u00e3o de Seguran\u00e7a P\u00fablica da C\u00e2mara&hellip;<\/p>\n","protected":false},"author":1,"featured_media":6337,"comment_status":"open","ping_status":"open","sticky":false,"template":"","format":"standard","meta":{"footnotes":""},"categories":[1],"tags":[],"class_list":["post-6336","post","type-post","status-publish","format-standard","has-post-thumbnail","hentry","category-uncategorized"],"_links":{"self":[{"href":"https:\/\/suanoticiaaqui.com.br\/news\/wp-json\/wp\/v2\/posts\/6336","targetHints":{"allow":["GET"]}}],"collection":[{"href":"https:\/\/suanoticiaaqui.com.br\/news\/wp-json\/wp\/v2\/posts"}],"about":[{"href":"https:\/\/suanoticiaaqui.com.br\/news\/wp-json\/wp\/v2\/types\/post"}],"author":[{"embeddable":true,"href":"https:\/\/suanoticiaaqui.com.br\/news\/wp-json\/wp\/v2\/users\/1"}],"replies":[{"embeddable":true,"href":"https:\/\/suanoticiaaqui.com.br\/news\/wp-json\/wp\/v2\/comments?post=6336"}],"version-history":[{"count":1,"href":"https:\/\/suanoticiaaqui.com.br\/news\/wp-json\/wp\/v2\/posts\/6336\/revisions"}],"predecessor-version":[{"id":6338,"href":"https:\/\/suanoticiaaqui.com.br\/news\/wp-json\/wp\/v2\/posts\/6336\/revisions\/6338"}],"wp:featuredmedia":[{"embeddable":true,"href":"https:\/\/suanoticiaaqui.com.br\/news\/wp-json\/wp\/v2\/media\/6337"}],"wp:attachment":[{"href":"https:\/\/suanoticiaaqui.com.br\/news\/wp-json\/wp\/v2\/media?parent=6336"}],"wp:term":[{"taxonomy":"category","embeddable":true,"href":"https:\/\/suanoticiaaqui.com.br\/news\/wp-json\/wp\/v2\/categories?post=6336"},{"taxonomy":"post_tag","embeddable":true,"href":"https:\/\/suanoticiaaqui.com.br\/news\/wp-json\/wp\/v2\/tags?post=6336"}],"curies":[{"name":"wp","href":"https:\/\/api.w.org\/{rel}","templated":true}]}}