{"id":6342,"date":"2025-06-25T11:07:38","date_gmt":"2025-06-25T15:07:38","guid":{"rendered":"https:\/\/suanoticiaaqui.com.br\/news\/?p=6342"},"modified":"2025-06-25T11:07:38","modified_gmt":"2025-06-25T15:07:38","slug":"turne-das-drags-vira-alvo-no-tcu","status":"publish","type":"post","link":"https:\/\/suanoticiaaqui.com.br\/news\/2025\/06\/25\/turne-das-drags-vira-alvo-no-tcu\/","title":{"rendered":"&#8216;Turn\u00ea das Drags&#8217; vira alvo no TCU"},"content":{"rendered":"\n<p>Projeto bancado pela UFPA com verba p\u00fablica levanta questionamentos sobre prioridades na educa\u00e7\u00e3o<\/p>\n\n\n\n<ul class=\"wp-block-list\">\n<li><a href=\"https:\/\/bradockshow.com.br\/author\/marcotoledo\/\"><\/a>por <a href=\"https:\/\/bradockshow.com.br\/author\/marcotoledo\/\">Marco Toledo<\/a><\/li>\n<\/ul>\n\n\n\n<p>Um projeto da Universidade Federal do Par\u00e1 (UFPA), intitulado \u201cTurn\u00ea das Drags: Em busca da pior do mundo\u201d, recebeu R$ 79,4 mil em recursos p\u00fablicos e provocou forte rea\u00e7\u00e3o no Congresso. A iniciativa motivou uma representa\u00e7\u00e3o ao Tribunal de Contas da Uni\u00e3o, apresentada pelo deputado Evair de Melo (PP-ES), que classificou o evento como \u201cespet\u00e1culo de gosto duvidoso\u201d.<\/p>\n\n\n\n<p>O parlamentar denunciou o uso de verba sem licita\u00e7\u00e3o e cobrou explica\u00e7\u00f5es do ministro da Educa\u00e7\u00e3o, Camilo Santana, atribuindo ao governo federal responsabilidade pela destina\u00e7\u00e3o dos recursos.<\/p>\n\n\n\n<p>\u201cFaltam bolsas e laborat\u00f3rios, mas h\u00e1 verba para bancar a escolha da \u2018pior drag queen do mundo\u2019? Isso afronta princ\u00edpios b\u00e1sicos da administra\u00e7\u00e3o p\u00fablica\u201d, disse.<\/p>\n\n\n\n<p>O caso reacende o debate sobre autonomia universit\u00e1ria e crit\u00e9rios para financiamento de projetos culturais.<\/p>\n\n\n\n<p>A UFPA ainda n\u00e3o comentou oficialmente, mas a oposi\u00e7\u00e3o promete pressionar at\u00e9 obter respostas concretas sobre o uso do dinheiro do contribuinte.<\/p>\n\n\n\n<p><a href=\"https:\/\/bradockshow.com.br\/tag\/politica\/\">Pol\u00edtica<\/a><\/p>\n","protected":false},"excerpt":{"rendered":"<p>Projeto bancado pela UFPA com verba p\u00fablica levanta questionamentos sobre prioridades na educa\u00e7\u00e3o Um projeto da Universidade Federal do Par\u00e1&hellip;<\/p>\n","protected":false},"author":1,"featured_media":6343,"comment_status":"open","ping_status":"open","sticky":false,"template":"","format":"standard","meta":{"footnotes":""},"categories":[1],"tags":[],"class_list":["post-6342","post","type-post","status-publish","format-standard","has-post-thumbnail","hentry","category-uncategorized"],"_links":{"self":[{"href":"https:\/\/suanoticiaaqui.com.br\/news\/wp-json\/wp\/v2\/posts\/6342","targetHints":{"allow":["GET"]}}],"collection":[{"href":"https:\/\/suanoticiaaqui.com.br\/news\/wp-json\/wp\/v2\/posts"}],"about":[{"href":"https:\/\/suanoticiaaqui.com.br\/news\/wp-json\/wp\/v2\/types\/post"}],"author":[{"embeddable":true,"href":"https:\/\/suanoticiaaqui.com.br\/news\/wp-json\/wp\/v2\/users\/1"}],"replies":[{"embeddable":true,"href":"https:\/\/suanoticiaaqui.com.br\/news\/wp-json\/wp\/v2\/comments?post=6342"}],"version-history":[{"count":1,"href":"https:\/\/suanoticiaaqui.com.br\/news\/wp-json\/wp\/v2\/posts\/6342\/revisions"}],"predecessor-version":[{"id":6344,"href":"https:\/\/suanoticiaaqui.com.br\/news\/wp-json\/wp\/v2\/posts\/6342\/revisions\/6344"}],"wp:featuredmedia":[{"embeddable":true,"href":"https:\/\/suanoticiaaqui.com.br\/news\/wp-json\/wp\/v2\/media\/6343"}],"wp:attachment":[{"href":"https:\/\/suanoticiaaqui.com.br\/news\/wp-json\/wp\/v2\/media?parent=6342"}],"wp:term":[{"taxonomy":"category","embeddable":true,"href":"https:\/\/suanoticiaaqui.com.br\/news\/wp-json\/wp\/v2\/categories?post=6342"},{"taxonomy":"post_tag","embeddable":true,"href":"https:\/\/suanoticiaaqui.com.br\/news\/wp-json\/wp\/v2\/tags?post=6342"}],"curies":[{"name":"wp","href":"https:\/\/api.w.org\/{rel}","templated":true}]}}