{"id":6345,"date":"2025-06-25T11:08:37","date_gmt":"2025-06-25T15:08:37","guid":{"rendered":"https:\/\/suanoticiaaqui.com.br\/news\/?p=6345"},"modified":"2025-06-25T11:08:37","modified_gmt":"2025-06-25T15:08:37","slug":"gastos-com-viagens-do-governo-ja-superam-r-600-milhoes-em-2025","status":"publish","type":"post","link":"https:\/\/suanoticiaaqui.com.br\/news\/2025\/06\/25\/gastos-com-viagens-do-governo-ja-superam-r-600-milhoes-em-2025\/","title":{"rendered":"Gastos com viagens do governo j\u00e1 superam R$ 600 milh\u00f5es em 2025"},"content":{"rendered":"\n<p>Valor n\u00e3o inclui uso de jatinhos da FAB e refor\u00e7a perfil itinerante da gest\u00e3o atual<\/p>\n\n\n\n<ul class=\"wp-block-list\">\n<li><a href=\"https:\/\/bradockshow.com.br\/author\/marcotoledo\/\"><\/a>por <a href=\"https:\/\/bradockshow.com.br\/author\/marcotoledo\/\">Marco Toledo<\/a><\/li>\n<\/ul>\n\n\n\n<p>At\u00e9 13 de junho, o governo federal j\u00e1 gastou R$ 604,7 milh\u00f5es com viagens em 2025, conforme dados do Portal da Transpar\u00eancia.<\/p>\n\n\n\n<p>O valor inclui R$ 368,6 milh\u00f5es em di\u00e1rias pagas a servidores e R$ 232,7 milh\u00f5es em passagens a\u00e9reas, mas n\u00e3o contempla o uso de aeronaves da FAB por autoridades como o presidente Lula, a primeira-dama Janja e ministros.<\/p>\n\n\n\n<p>Apenas com compromissos internacionais, os gastos ultrapassam R$ 91,9 milh\u00f5es. A atual gest\u00e3o j\u00e1 havia quebrado recordes em 2023 e 2024, com mais de R$ 2 bilh\u00f5es por ano em deslocamentos.<\/p>\n\n\n\n<p>As cifras chamam aten\u00e7\u00e3o diante da necessidade de cortes e cobran\u00e7as por austeridade fiscal.<\/p>\n\n\n\n<p>Embora o governo defenda as viagens como parte de sua estrat\u00e9gia diplom\u00e1tica, parlamentares questionam a dimens\u00e3o dos gastos e lembram que boa parte dessas agendas poderia ocorrer por videoconfer\u00eancia. At\u00e9 agora, n\u00e3o houve pronunciamento oficial sobre os novos n\u00fameros.<\/p>\n","protected":false},"excerpt":{"rendered":"<p>Valor n\u00e3o inclui uso de jatinhos da FAB e refor\u00e7a perfil itinerante da gest\u00e3o atual At\u00e9 13 de junho, o&hellip;<\/p>\n","protected":false},"author":1,"featured_media":6346,"comment_status":"open","ping_status":"open","sticky":false,"template":"","format":"standard","meta":{"footnotes":""},"categories":[1],"tags":[],"class_list":["post-6345","post","type-post","status-publish","format-standard","has-post-thumbnail","hentry","category-uncategorized"],"_links":{"self":[{"href":"https:\/\/suanoticiaaqui.com.br\/news\/wp-json\/wp\/v2\/posts\/6345","targetHints":{"allow":["GET"]}}],"collection":[{"href":"https:\/\/suanoticiaaqui.com.br\/news\/wp-json\/wp\/v2\/posts"}],"about":[{"href":"https:\/\/suanoticiaaqui.com.br\/news\/wp-json\/wp\/v2\/types\/post"}],"author":[{"embeddable":true,"href":"https:\/\/suanoticiaaqui.com.br\/news\/wp-json\/wp\/v2\/users\/1"}],"replies":[{"embeddable":true,"href":"https:\/\/suanoticiaaqui.com.br\/news\/wp-json\/wp\/v2\/comments?post=6345"}],"version-history":[{"count":1,"href":"https:\/\/suanoticiaaqui.com.br\/news\/wp-json\/wp\/v2\/posts\/6345\/revisions"}],"predecessor-version":[{"id":6347,"href":"https:\/\/suanoticiaaqui.com.br\/news\/wp-json\/wp\/v2\/posts\/6345\/revisions\/6347"}],"wp:featuredmedia":[{"embeddable":true,"href":"https:\/\/suanoticiaaqui.com.br\/news\/wp-json\/wp\/v2\/media\/6346"}],"wp:attachment":[{"href":"https:\/\/suanoticiaaqui.com.br\/news\/wp-json\/wp\/v2\/media?parent=6345"}],"wp:term":[{"taxonomy":"category","embeddable":true,"href":"https:\/\/suanoticiaaqui.com.br\/news\/wp-json\/wp\/v2\/categories?post=6345"},{"taxonomy":"post_tag","embeddable":true,"href":"https:\/\/suanoticiaaqui.com.br\/news\/wp-json\/wp\/v2\/tags?post=6345"}],"curies":[{"name":"wp","href":"https:\/\/api.w.org\/{rel}","templated":true}]}}