{"id":6348,"date":"2025-06-25T11:09:35","date_gmt":"2025-06-25T15:09:35","guid":{"rendered":"https:\/\/suanoticiaaqui.com.br\/news\/?p=6348"},"modified":"2025-06-25T11:09:35","modified_gmt":"2025-06-25T15:09:35","slug":"gleisi-acusa-bolsonaro-e-cita-intervencao-estrangeira","status":"publish","type":"post","link":"https:\/\/suanoticiaaqui.com.br\/news\/2025\/06\/25\/gleisi-acusa-bolsonaro-e-cita-intervencao-estrangeira\/","title":{"rendered":"Gleisi acusa Bolsonaro e cita interven\u00e7\u00e3o estrangeira"},"content":{"rendered":"\n<p>Declara\u00e7\u00e3o da ministra gera rea\u00e7\u00e3o e acirra tens\u00f5es com a oposi\u00e7\u00e3o<\/p>\n\n\n\n<ul class=\"wp-block-list\">\n<li><a href=\"https:\/\/bradockshow.com.br\/author\/marcotoledo\/\"><\/a>por <a href=\"https:\/\/bradockshow.com.br\/author\/marcotoledo\/\">Marco Toledo<\/a><\/li>\n<\/ul>\n\n\n\n<p>A ministra das Rela\u00e7\u00f5es Institucionais, Gleisi Hoffmann, usou as redes sociais para acusar o ex-presidente Jair Bolsonaro de buscar uma \u201cinterven\u00e7\u00e3o estrangeira no Brasil\u201d.<\/p>\n\n\n\n<p>Segundo ela, o apoio declarado por Bolsonaro a Donald Trump e Benjamin Netanyahu evidenciaria \u201cservilismo a interesses externos\u201d, em meio aos processos judiciais que ele enfrenta.<\/p>\n\n\n\n<p>A declara\u00e7\u00e3o provocou cr\u00edticas, especialmente pelo tom adotado por Gleisi, que tamb\u00e9m \u00e9 presidente do PT. Para aliados de Bolsonaro, trata-se de uma tentativa de desviar o foco da press\u00e3o crescente sobre o governo.<\/p>\n\n\n\n<p>A ministra afirmou ainda que o ex-presidente tenta mobilizar apoio internacional para influenciar o Judici\u00e1rio brasileiro.<\/p>\n\n\n\n<p>O coment\u00e1rio ocorre enquanto Bolsonaro \u00e9 r\u00e9u no STF por suposta tentativa de golpe, em a\u00e7\u00e3o derivada da Opera\u00e7\u00e3o Tempus Veritatis. O processo est\u00e1 na fase final, aguardando as alega\u00e7\u00f5es da defesa antes do julgamento. O clima entre os Poderes segue tenso.<\/p>\n","protected":false},"excerpt":{"rendered":"<p>Declara\u00e7\u00e3o da ministra gera rea\u00e7\u00e3o e acirra tens\u00f5es com a oposi\u00e7\u00e3o A ministra das Rela\u00e7\u00f5es Institucionais, Gleisi Hoffmann, usou as&hellip;<\/p>\n","protected":false},"author":1,"featured_media":6349,"comment_status":"open","ping_status":"open","sticky":false,"template":"","format":"standard","meta":{"footnotes":""},"categories":[1],"tags":[],"class_list":["post-6348","post","type-post","status-publish","format-standard","has-post-thumbnail","hentry","category-uncategorized"],"_links":{"self":[{"href":"https:\/\/suanoticiaaqui.com.br\/news\/wp-json\/wp\/v2\/posts\/6348","targetHints":{"allow":["GET"]}}],"collection":[{"href":"https:\/\/suanoticiaaqui.com.br\/news\/wp-json\/wp\/v2\/posts"}],"about":[{"href":"https:\/\/suanoticiaaqui.com.br\/news\/wp-json\/wp\/v2\/types\/post"}],"author":[{"embeddable":true,"href":"https:\/\/suanoticiaaqui.com.br\/news\/wp-json\/wp\/v2\/users\/1"}],"replies":[{"embeddable":true,"href":"https:\/\/suanoticiaaqui.com.br\/news\/wp-json\/wp\/v2\/comments?post=6348"}],"version-history":[{"count":1,"href":"https:\/\/suanoticiaaqui.com.br\/news\/wp-json\/wp\/v2\/posts\/6348\/revisions"}],"predecessor-version":[{"id":6350,"href":"https:\/\/suanoticiaaqui.com.br\/news\/wp-json\/wp\/v2\/posts\/6348\/revisions\/6350"}],"wp:featuredmedia":[{"embeddable":true,"href":"https:\/\/suanoticiaaqui.com.br\/news\/wp-json\/wp\/v2\/media\/6349"}],"wp:attachment":[{"href":"https:\/\/suanoticiaaqui.com.br\/news\/wp-json\/wp\/v2\/media?parent=6348"}],"wp:term":[{"taxonomy":"category","embeddable":true,"href":"https:\/\/suanoticiaaqui.com.br\/news\/wp-json\/wp\/v2\/categories?post=6348"},{"taxonomy":"post_tag","embeddable":true,"href":"https:\/\/suanoticiaaqui.com.br\/news\/wp-json\/wp\/v2\/tags?post=6348"}],"curies":[{"name":"wp","href":"https:\/\/api.w.org\/{rel}","templated":true}]}}