{"id":6351,"date":"2025-06-30T16:52:35","date_gmt":"2025-06-30T20:52:35","guid":{"rendered":"https:\/\/suanoticiaaqui.com.br\/news\/?p=6351"},"modified":"2025-06-30T16:52:35","modified_gmt":"2025-06-30T20:52:35","slug":"dois-homens-sao-presos-por-serie-de-furtos-a-comercios-em-rio-brilhante","status":"publish","type":"post","link":"https:\/\/suanoticiaaqui.com.br\/news\/2025\/06\/30\/dois-homens-sao-presos-por-serie-de-furtos-a-comercios-em-rio-brilhante\/","title":{"rendered":"Dois homens s\u00e3o presos por s\u00e9rie de furtos a com\u00e9rcios em Rio Brilhante"},"content":{"rendered":"\n<p>por Dourados News<\/p>\n\n\n\n<p>Dois homens, de 36 e 23 anos, foram presos no s\u00e1bado (28) em Rio Brilhante, suspeitos de envolvimento em uma s\u00e9rie de furtos a estabelecimentos comerciais da cidade. As pris\u00f5es ocorreram ap\u00f3s a conclus\u00e3o de inqu\u00e9ritos policiais que apontaram a participa\u00e7\u00e3o da dupla nos crimes.<\/p>\n\n\n\n<p>A Pol\u00edcia Civil solicitou a pris\u00e3o preventiva dos investigados, pedido que foi aceito pela Justi\u00e7a. Com os mandados em m\u00e3os, equipes foram mobilizadas e conseguiram localizar e prender os suspeitos.<\/p>\n\n\n\n<p>Al\u00e9m dos furtos j\u00e1 apurados, os dois continuam sendo investigados por participa\u00e7\u00e3o em outros crimes semelhantes ocorridos na cidade. As investiga\u00e7\u00f5es seguem em andamento para identificar o envolvimento da dupla em novos casos.<\/p>\n\n\n\n<p>A Pol\u00edcia Civil refor\u00e7a que a colabora\u00e7\u00e3o da popula\u00e7\u00e3o, por meio de den\u00fancias, \u00e9 fundamental para o avan\u00e7o das investiga\u00e7\u00f5es.<\/p>\n","protected":false},"excerpt":{"rendered":"<p>por Dourados News Dois homens, de 36 e 23 anos, foram presos no s\u00e1bado (28) em Rio Brilhante, suspeitos de&hellip;<\/p>\n","protected":false},"author":1,"featured_media":6352,"comment_status":"open","ping_status":"open","sticky":false,"template":"","format":"standard","meta":{"footnotes":""},"categories":[1],"tags":[],"class_list":["post-6351","post","type-post","status-publish","format-standard","has-post-thumbnail","hentry","category-uncategorized"],"_links":{"self":[{"href":"https:\/\/suanoticiaaqui.com.br\/news\/wp-json\/wp\/v2\/posts\/6351","targetHints":{"allow":["GET"]}}],"collection":[{"href":"https:\/\/suanoticiaaqui.com.br\/news\/wp-json\/wp\/v2\/posts"}],"about":[{"href":"https:\/\/suanoticiaaqui.com.br\/news\/wp-json\/wp\/v2\/types\/post"}],"author":[{"embeddable":true,"href":"https:\/\/suanoticiaaqui.com.br\/news\/wp-json\/wp\/v2\/users\/1"}],"replies":[{"embeddable":true,"href":"https:\/\/suanoticiaaqui.com.br\/news\/wp-json\/wp\/v2\/comments?post=6351"}],"version-history":[{"count":1,"href":"https:\/\/suanoticiaaqui.com.br\/news\/wp-json\/wp\/v2\/posts\/6351\/revisions"}],"predecessor-version":[{"id":6353,"href":"https:\/\/suanoticiaaqui.com.br\/news\/wp-json\/wp\/v2\/posts\/6351\/revisions\/6353"}],"wp:featuredmedia":[{"embeddable":true,"href":"https:\/\/suanoticiaaqui.com.br\/news\/wp-json\/wp\/v2\/media\/6352"}],"wp:attachment":[{"href":"https:\/\/suanoticiaaqui.com.br\/news\/wp-json\/wp\/v2\/media?parent=6351"}],"wp:term":[{"taxonomy":"category","embeddable":true,"href":"https:\/\/suanoticiaaqui.com.br\/news\/wp-json\/wp\/v2\/categories?post=6351"},{"taxonomy":"post_tag","embeddable":true,"href":"https:\/\/suanoticiaaqui.com.br\/news\/wp-json\/wp\/v2\/tags?post=6351"}],"curies":[{"name":"wp","href":"https:\/\/api.w.org\/{rel}","templated":true}]}}