{"id":6357,"date":"2025-06-30T16:56:18","date_gmt":"2025-06-30T20:56:18","guid":{"rendered":"https:\/\/suanoticiaaqui.com.br\/news\/?p=6357"},"modified":"2025-06-30T16:56:18","modified_gmt":"2025-06-30T20:56:18","slug":"governo-lula-segura-concessoes-do-inss-para-cortar-gastos-e-aumenta-fila-de-espera","status":"publish","type":"post","link":"https:\/\/suanoticiaaqui.com.br\/news\/2025\/06\/30\/governo-lula-segura-concessoes-do-inss-para-cortar-gastos-e-aumenta-fila-de-espera\/","title":{"rendered":"Governo Lula segura concess\u00f5es do INSS para cortar gastos e aumenta fila de espera"},"content":{"rendered":"\n<p>Com foco em revis\u00f5es de benef\u00edcios, estrat\u00e9gia fiscal ampliou represamento de pedidos e gerou rea\u00e7\u00e3o interna no \u00f3rg\u00e3o<\/p>\n\n\n\n<ul class=\"wp-block-list\">\n<li><a href=\"https:\/\/bradockshow.com.br\/author\/marcotoledo\/\"><\/a>por <a href=\"https:\/\/bradockshow.com.br\/author\/marcotoledo\/\">Marco Toledo<\/a><\/li>\n<\/ul>\n\n\n\n<p>Documentos obtidos pela imprensa revelam que, em 2024, o governo Lula priorizou revis\u00f5es de benef\u00edcios do INSS em vez da concess\u00e3o de novos aux\u00edlios. A ordem, vinda da Casa Civil e da Fazenda, redirecionou o programa de combate \u00e0 fila, utilizando b\u00f4nus para acelerar reavalia\u00e7\u00f5es. O resultado foi o crescimento da fila, que saltou de 2 milh\u00f5es para 2,6 milh\u00f5es de pedidos, entre aposentadorias, pens\u00f5es e aux\u00edlios assistenciais.<\/p>\n\n\n\n<p>A decis\u00e3o visava conter o avan\u00e7o dos gastos com Previd\u00eancia e atender ao arcabou\u00e7o fiscal, mas provocou resist\u00eancia interna e desgaste pol\u00edtico. A pr\u00f3pria presid\u00eancia do INSS assinou of\u00edcios que justificavam a reorienta\u00e7\u00e3o com base em restri\u00e7\u00f5es or\u00e7ament\u00e1rias. Apesar disso, a economia obtida foi modesta: cerca de R$ 2,4 bilh\u00f5es, valor aqu\u00e9m do necess\u00e1rio para equilibrar o or\u00e7amento.<\/p>\n\n\n\n<p>Com a press\u00e3o crescente, o governo retomou o foco original do programa apenas em abril de 2025. Em nota, o Minist\u00e9rio da Previd\u00eancia negou represamento intencional, mas os dados revelam uma realidade inc\u00f4moda: milhares de brasileiros seguiram \u00e0 espera de um direito, enquanto o Pal\u00e1cio do Planalto tentou remendar contas com cortes silenciosos.<\/p>\n","protected":false},"excerpt":{"rendered":"<p>Com foco em revis\u00f5es de benef\u00edcios, estrat\u00e9gia fiscal ampliou represamento de pedidos e gerou rea\u00e7\u00e3o interna no \u00f3rg\u00e3o Documentos obtidos&hellip;<\/p>\n","protected":false},"author":1,"featured_media":6358,"comment_status":"open","ping_status":"open","sticky":false,"template":"","format":"standard","meta":{"footnotes":""},"categories":[1],"tags":[],"class_list":["post-6357","post","type-post","status-publish","format-standard","has-post-thumbnail","hentry","category-uncategorized"],"_links":{"self":[{"href":"https:\/\/suanoticiaaqui.com.br\/news\/wp-json\/wp\/v2\/posts\/6357","targetHints":{"allow":["GET"]}}],"collection":[{"href":"https:\/\/suanoticiaaqui.com.br\/news\/wp-json\/wp\/v2\/posts"}],"about":[{"href":"https:\/\/suanoticiaaqui.com.br\/news\/wp-json\/wp\/v2\/types\/post"}],"author":[{"embeddable":true,"href":"https:\/\/suanoticiaaqui.com.br\/news\/wp-json\/wp\/v2\/users\/1"}],"replies":[{"embeddable":true,"href":"https:\/\/suanoticiaaqui.com.br\/news\/wp-json\/wp\/v2\/comments?post=6357"}],"version-history":[{"count":1,"href":"https:\/\/suanoticiaaqui.com.br\/news\/wp-json\/wp\/v2\/posts\/6357\/revisions"}],"predecessor-version":[{"id":6359,"href":"https:\/\/suanoticiaaqui.com.br\/news\/wp-json\/wp\/v2\/posts\/6357\/revisions\/6359"}],"wp:featuredmedia":[{"embeddable":true,"href":"https:\/\/suanoticiaaqui.com.br\/news\/wp-json\/wp\/v2\/media\/6358"}],"wp:attachment":[{"href":"https:\/\/suanoticiaaqui.com.br\/news\/wp-json\/wp\/v2\/media?parent=6357"}],"wp:term":[{"taxonomy":"category","embeddable":true,"href":"https:\/\/suanoticiaaqui.com.br\/news\/wp-json\/wp\/v2\/categories?post=6357"},{"taxonomy":"post_tag","embeddable":true,"href":"https:\/\/suanoticiaaqui.com.br\/news\/wp-json\/wp\/v2\/tags?post=6357"}],"curies":[{"name":"wp","href":"https:\/\/api.w.org\/{rel}","templated":true}]}}