{"id":6360,"date":"2025-06-30T16:57:22","date_gmt":"2025-06-30T20:57:22","guid":{"rendered":"https:\/\/suanoticiaaqui.com.br\/news\/?p=6360"},"modified":"2025-06-30T16:57:22","modified_gmt":"2025-06-30T20:57:22","slug":"congresso-derruba-aumento-do-iof-e-amplia-tensao-com-o-planalto","status":"publish","type":"post","link":"https:\/\/suanoticiaaqui.com.br\/news\/2025\/06\/30\/congresso-derruba-aumento-do-iof-e-amplia-tensao-com-o-planalto\/","title":{"rendered":"Congresso derruba aumento do IOF e amplia tens\u00e3o com o Planalto"},"content":{"rendered":"\n<p>Parlamentares reagem a cr\u00edticas do governo e refor\u00e7am independ\u00eancia nas decis\u00f5es econ\u00f4micas<\/p>\n\n\n\n<ul class=\"wp-block-list\">\n<li><a href=\"https:\/\/bradockshow.com.br\/author\/marcotoledo\/\"><\/a>por <a href=\"https:\/\/bradockshow.com.br\/author\/marcotoledo\/\">Marco Toledo<\/a><\/li>\n<\/ul>\n\n\n\n<p>A derrubada do decreto que aumentava o IOF, aprovada por ampla maioria na C\u00e2mara e confirmada pelo Senado, marcou uma ruptura entre o Congresso Nacional e o Pal\u00e1cio do Planalto.<\/p>\n\n\n\n<p>A medida, vista por l\u00edderes governistas como estrat\u00e9gica para manter programas sociais, foi rejeitada sem aviso pr\u00e9vio ao Executivo, o que gerou rea\u00e7\u00e3o imediata do PT e levou o governo a acusar uma articula\u00e7\u00e3o pol\u00edtica para dificultar a gest\u00e3o do presidente.<\/p>\n\n\n\n<p>A decis\u00e3o reacendeu tens\u00f5es entre os poderes. Segundo interlocutores, Hugo Motta e Davi Alcolumbre expressaram insatisfa\u00e7\u00f5es com o governo antes da vota\u00e7\u00e3o, mas n\u00e3o indicaram que colocariam o tema em pauta.<\/p>\n\n\n\n<p>O PT considera que a manobra representa quebra de acordo e avalia judicializar a quest\u00e3o, argumentando que o reajuste do IOF seria prerrogativa exclusiva do Executivo, e n\u00e3o pass\u00edvel de anula\u00e7\u00e3o por decreto legislativo.<\/p>\n\n\n\n<p>Enquanto isso, parlamentares afirmam que a decis\u00e3o segue o interesse p\u00fablico e foi motivada por preocupa\u00e7\u00f5es econ\u00f4micas. A \u00faltima vez que um decreto presidencial foi integralmente derrubado pelo Congresso foi em 1988.<\/p>\n\n\n\n<p>Com o impasse, o governo deve intensificar campanhas em favor de propostas como taxa\u00e7\u00e3o de grandes fortunas e maior tributa\u00e7\u00e3o sobre apostas, al\u00e9m de buscar recompor a base de apoio no Legislativo.<\/p>\n","protected":false},"excerpt":{"rendered":"<p>Parlamentares reagem a cr\u00edticas do governo e refor\u00e7am independ\u00eancia nas decis\u00f5es econ\u00f4micas A derrubada do decreto que aumentava o IOF,&hellip;<\/p>\n","protected":false},"author":1,"featured_media":6361,"comment_status":"open","ping_status":"open","sticky":false,"template":"","format":"standard","meta":{"footnotes":""},"categories":[1],"tags":[],"class_list":["post-6360","post","type-post","status-publish","format-standard","has-post-thumbnail","hentry","category-uncategorized"],"_links":{"self":[{"href":"https:\/\/suanoticiaaqui.com.br\/news\/wp-json\/wp\/v2\/posts\/6360","targetHints":{"allow":["GET"]}}],"collection":[{"href":"https:\/\/suanoticiaaqui.com.br\/news\/wp-json\/wp\/v2\/posts"}],"about":[{"href":"https:\/\/suanoticiaaqui.com.br\/news\/wp-json\/wp\/v2\/types\/post"}],"author":[{"embeddable":true,"href":"https:\/\/suanoticiaaqui.com.br\/news\/wp-json\/wp\/v2\/users\/1"}],"replies":[{"embeddable":true,"href":"https:\/\/suanoticiaaqui.com.br\/news\/wp-json\/wp\/v2\/comments?post=6360"}],"version-history":[{"count":1,"href":"https:\/\/suanoticiaaqui.com.br\/news\/wp-json\/wp\/v2\/posts\/6360\/revisions"}],"predecessor-version":[{"id":6362,"href":"https:\/\/suanoticiaaqui.com.br\/news\/wp-json\/wp\/v2\/posts\/6360\/revisions\/6362"}],"wp:featuredmedia":[{"embeddable":true,"href":"https:\/\/suanoticiaaqui.com.br\/news\/wp-json\/wp\/v2\/media\/6361"}],"wp:attachment":[{"href":"https:\/\/suanoticiaaqui.com.br\/news\/wp-json\/wp\/v2\/media?parent=6360"}],"wp:term":[{"taxonomy":"category","embeddable":true,"href":"https:\/\/suanoticiaaqui.com.br\/news\/wp-json\/wp\/v2\/categories?post=6360"},{"taxonomy":"post_tag","embeddable":true,"href":"https:\/\/suanoticiaaqui.com.br\/news\/wp-json\/wp\/v2\/tags?post=6360"}],"curies":[{"name":"wp","href":"https:\/\/api.w.org\/{rel}","templated":true}]}}