{"id":6363,"date":"2025-06-30T17:01:53","date_gmt":"2025-06-30T21:01:53","guid":{"rendered":"https:\/\/suanoticiaaqui.com.br\/news\/?p=6363"},"modified":"2025-06-30T17:01:53","modified_gmt":"2025-06-30T21:01:53","slug":"ong-ligada-a-sindicato-do-abc-recebe-r-191-milhoes-em-convenios-federais","status":"publish","type":"post","link":"https:\/\/suanoticiaaqui.com.br\/news\/2025\/06\/30\/ong-ligada-a-sindicato-do-abc-recebe-r-191-milhoes-em-convenios-federais\/","title":{"rendered":"ONG ligada a sindicato do ABC recebe R$ 19,1 milh\u00f5es em conv\u00eanios federais"},"content":{"rendered":"\n<p>Contratos envolvem minist\u00e9rios do Trabalho, Direitos Humanos e Desenvolvimento Agr\u00e1rio desde 2023<\/p>\n\n\n\n<ul class=\"wp-block-list\">\n<li><a href=\"https:\/\/bradockshow.com.br\/author\/marcotoledo\/\"><\/a>por <a href=\"https:\/\/bradockshow.com.br\/author\/marcotoledo\/\">Marco Toledo<\/a><\/li>\n<\/ul>\n\n\n\n<p>O governo Lula firmou ao menos oito conv\u00eanios com a ONG Unisol Brasil, dirigida por membros do Sindicato dos Metal\u00fargicos do ABC.<\/p>\n\n\n\n<p>A entidade, sediada em S\u00e3o Bernardo do Campo (SP), recebeu R$ 19,1 milh\u00f5es de recursos p\u00fablicos repassados por tr\u00eas minist\u00e9rios: Trabalho, Direitos Humanos e Desenvolvimento Agr\u00e1rio.<\/p>\n\n\n\n<p>Entre os projetos financiados, est\u00e1 um curso para formar defensores dos direitos humanos, que custou R$ 400 mil via emenda do deputado Vicentinho (PT-SP). O conte\u00fado do curso critica o impeachment de Dilma Rousseff, tratado pela ONG como \u201cgolpe\u201d.<\/p>\n\n\n\n<p>Outro contrato destinou R$ 200 mil \u00e0 promo\u00e7\u00e3o de uma feira de empreendedores ligados \u00e0 milit\u00e2ncia pol\u00edtica, com recursos do deputado Nilto Tatto (PT-SP).<\/p>\n\n\n\n<p>O maior repasse foi de R$ 15,8 milh\u00f5es, para a retirada de lixo da terra ind\u00edgena yanomami, em Roraima. A a\u00e7\u00e3o ser\u00e1 executada ainda este ano. Os minist\u00e9rios envolvidos afirmam que os contratos atenderam aos crit\u00e9rios legais e ser\u00e3o acompanhados quanto \u00e0 execu\u00e7\u00e3o e presta\u00e7\u00e3o de contas.<\/p>\n","protected":false},"excerpt":{"rendered":"<p>Contratos envolvem minist\u00e9rios do Trabalho, Direitos Humanos e Desenvolvimento Agr\u00e1rio desde 2023 O governo Lula firmou ao menos oito conv\u00eanios&hellip;<\/p>\n","protected":false},"author":1,"featured_media":6364,"comment_status":"open","ping_status":"open","sticky":false,"template":"","format":"standard","meta":{"footnotes":""},"categories":[1],"tags":[],"class_list":["post-6363","post","type-post","status-publish","format-standard","has-post-thumbnail","hentry","category-uncategorized"],"_links":{"self":[{"href":"https:\/\/suanoticiaaqui.com.br\/news\/wp-json\/wp\/v2\/posts\/6363","targetHints":{"allow":["GET"]}}],"collection":[{"href":"https:\/\/suanoticiaaqui.com.br\/news\/wp-json\/wp\/v2\/posts"}],"about":[{"href":"https:\/\/suanoticiaaqui.com.br\/news\/wp-json\/wp\/v2\/types\/post"}],"author":[{"embeddable":true,"href":"https:\/\/suanoticiaaqui.com.br\/news\/wp-json\/wp\/v2\/users\/1"}],"replies":[{"embeddable":true,"href":"https:\/\/suanoticiaaqui.com.br\/news\/wp-json\/wp\/v2\/comments?post=6363"}],"version-history":[{"count":1,"href":"https:\/\/suanoticiaaqui.com.br\/news\/wp-json\/wp\/v2\/posts\/6363\/revisions"}],"predecessor-version":[{"id":6365,"href":"https:\/\/suanoticiaaqui.com.br\/news\/wp-json\/wp\/v2\/posts\/6363\/revisions\/6365"}],"wp:featuredmedia":[{"embeddable":true,"href":"https:\/\/suanoticiaaqui.com.br\/news\/wp-json\/wp\/v2\/media\/6364"}],"wp:attachment":[{"href":"https:\/\/suanoticiaaqui.com.br\/news\/wp-json\/wp\/v2\/media?parent=6363"}],"wp:term":[{"taxonomy":"category","embeddable":true,"href":"https:\/\/suanoticiaaqui.com.br\/news\/wp-json\/wp\/v2\/categories?post=6363"},{"taxonomy":"post_tag","embeddable":true,"href":"https:\/\/suanoticiaaqui.com.br\/news\/wp-json\/wp\/v2\/tags?post=6363"}],"curies":[{"name":"wp","href":"https:\/\/api.w.org\/{rel}","templated":true}]}}