{"id":6366,"date":"2025-06-30T17:48:18","date_gmt":"2025-06-30T21:48:18","guid":{"rendered":"https:\/\/suanoticiaaqui.com.br\/news\/?p=6366"},"modified":"2025-06-30T17:48:18","modified_gmt":"2025-06-30T21:48:18","slug":"bolsonaro-discursou-na-paulista-sob-cuidados-medicos","status":"publish","type":"post","link":"https:\/\/suanoticiaaqui.com.br\/news\/2025\/06\/30\/bolsonaro-discursou-na-paulista-sob-cuidados-medicos\/","title":{"rendered":"Bolsonaro discursou na Paulista sob cuidados m\u00e9dicos"},"content":{"rendered":"\n<p>Ex-presidente falou ao p\u00fablico ap\u00f3s uso de medica\u00e7\u00e3o e com cirurgi\u00e3o ao lado<\/p>\n\n\n\n<ul class=\"wp-block-list\">\n<li><a href=\"https:\/\/bradockshow.com.br\/author\/marcotoledo\/\"><\/a>por <a href=\"https:\/\/bradockshow.com.br\/author\/marcotoledo\/\">Marco Toledo<\/a><\/li>\n<\/ul>\n\n\n\n<p>O ex-presidente Jair Bolsonaro participou da manifesta\u00e7\u00e3o na Avenida Paulista, em S\u00e3o Paulo, no domingo (29), sob efeito de medicamentos para refluxo e solu\u00e7o. O tratamento foi necess\u00e1rio para que ele pudesse discursar com mais conforto diante do p\u00fablico presente.<\/p>\n\n\n\n<p>Bolsonaro estava acompanhado no trio el\u00e9trico pelo m\u00e9dico Cl\u00e1udio Birolini, cirurgi\u00e3o respons\u00e1vel pela \u00faltima opera\u00e7\u00e3o intestinal realizada no ex-presidente. Desde a interven\u00e7\u00e3o, Birolini tem acompanhado de perto a rotina e os deslocamentos de Bolsonaro.<\/p>\n\n\n\n<p>Na semana anterior, o m\u00e9dico j\u00e1 havia acompanhado Bolsonaro em viagem a Natal. A presen\u00e7a de Birolini refor\u00e7a os cuidados com a sa\u00fade do ex-presidente, que segue em tratamento e sob monitoramento cont\u00ednuo.<\/p>\n","protected":false},"excerpt":{"rendered":"<p>Ex-presidente falou ao p\u00fablico ap\u00f3s uso de medica\u00e7\u00e3o e com cirurgi\u00e3o ao lado O ex-presidente Jair Bolsonaro participou da manifesta\u00e7\u00e3o&hellip;<\/p>\n","protected":false},"author":1,"featured_media":6367,"comment_status":"open","ping_status":"open","sticky":false,"template":"","format":"standard","meta":{"footnotes":""},"categories":[1],"tags":[],"class_list":["post-6366","post","type-post","status-publish","format-standard","has-post-thumbnail","hentry","category-uncategorized"],"_links":{"self":[{"href":"https:\/\/suanoticiaaqui.com.br\/news\/wp-json\/wp\/v2\/posts\/6366","targetHints":{"allow":["GET"]}}],"collection":[{"href":"https:\/\/suanoticiaaqui.com.br\/news\/wp-json\/wp\/v2\/posts"}],"about":[{"href":"https:\/\/suanoticiaaqui.com.br\/news\/wp-json\/wp\/v2\/types\/post"}],"author":[{"embeddable":true,"href":"https:\/\/suanoticiaaqui.com.br\/news\/wp-json\/wp\/v2\/users\/1"}],"replies":[{"embeddable":true,"href":"https:\/\/suanoticiaaqui.com.br\/news\/wp-json\/wp\/v2\/comments?post=6366"}],"version-history":[{"count":1,"href":"https:\/\/suanoticiaaqui.com.br\/news\/wp-json\/wp\/v2\/posts\/6366\/revisions"}],"predecessor-version":[{"id":6368,"href":"https:\/\/suanoticiaaqui.com.br\/news\/wp-json\/wp\/v2\/posts\/6366\/revisions\/6368"}],"wp:featuredmedia":[{"embeddable":true,"href":"https:\/\/suanoticiaaqui.com.br\/news\/wp-json\/wp\/v2\/media\/6367"}],"wp:attachment":[{"href":"https:\/\/suanoticiaaqui.com.br\/news\/wp-json\/wp\/v2\/media?parent=6366"}],"wp:term":[{"taxonomy":"category","embeddable":true,"href":"https:\/\/suanoticiaaqui.com.br\/news\/wp-json\/wp\/v2\/categories?post=6366"},{"taxonomy":"post_tag","embeddable":true,"href":"https:\/\/suanoticiaaqui.com.br\/news\/wp-json\/wp\/v2\/tags?post=6366"}],"curies":[{"name":"wp","href":"https:\/\/api.w.org\/{rel}","templated":true}]}}