{"id":6369,"date":"2025-06-30T17:49:18","date_gmt":"2025-06-30T21:49:18","guid":{"rendered":"https:\/\/suanoticiaaqui.com.br\/news\/?p=6369"},"modified":"2025-06-30T17:49:18","modified_gmt":"2025-06-30T21:49:18","slug":"haddad-minimiza-criticas-e-insiste-em-aumento-de-impostos","status":"publish","type":"post","link":"https:\/\/suanoticiaaqui.com.br\/news\/2025\/06\/30\/haddad-minimiza-criticas-e-insiste-em-aumento-de-impostos\/","title":{"rendered":"Haddad minimiza cr\u00edticas e insiste em aumento de impostos"},"content":{"rendered":"\n<p>Ministro da Fazenda enfrenta resist\u00eancia no Congresso e no mercado, mas mant\u00e9m discurso de \u201cjusti\u00e7a social\u201d<\/p>\n\n\n\n<ul class=\"wp-block-list\">\n<li><a href=\"https:\/\/bradockshow.com.br\/author\/marcotoledo\/\"><\/a>por <a href=\"https:\/\/bradockshow.com.br\/author\/marcotoledo\/\">Marco Toledo<\/a><\/li>\n<\/ul>\n\n\n\n<p>O ministro Fernando Haddad reagiu com desd\u00e9m \u00e0s cr\u00edticas sobre o aumento do IOF e outras medidas fiscais, afirmando que \u201cpode gritar\u201d quem estiver insatisfeito. Ignorando o desgaste com o Congresso e a rejei\u00e7\u00e3o do mercado, insistiu que o governo \u201cn\u00e3o pode se intimidar\u201d ao ampliar a arrecada\u00e7\u00e3o, mesmo sob o risco de afetar a classe trabalhadora e os pequenos munic\u00edpios.<\/p>\n\n\n\n<p>Em tom agressivo, Haddad atacou o ex-presidente Jair Bolsonaro, acusando-o de \u201cfugir do debate\u201d e afirmando que ele n\u00e3o tem moral para criticar impostos. A fala, no entanto, n\u00e3o amenizou a derrota do governo com a derrubada do decreto do IOF, anulada pelo Congresso ap\u00f3s 30 anos sem um rev\u00e9s semelhante a um presidente em exerc\u00edcio.<\/p>\n\n\n\n<p>A proposta de isen\u00e7\u00e3o do IR at\u00e9 R$ 5 mil, embora beneficie parte da popula\u00e7\u00e3o, deve causar perdas bilion\u00e1rias a munic\u00edpios e estados. Para compensar, o governo planeja impor novos tributos sobre quem ganha acima de R$ 600 mil por ano, reacendendo tens\u00f5es entre Executivo, Legislativo e setor produtivo.<\/p>\n","protected":false},"excerpt":{"rendered":"<p>Ministro da Fazenda enfrenta resist\u00eancia no Congresso e no mercado, mas mant\u00e9m discurso de \u201cjusti\u00e7a social\u201d O ministro Fernando Haddad&hellip;<\/p>\n","protected":false},"author":1,"featured_media":6370,"comment_status":"open","ping_status":"open","sticky":false,"template":"","format":"standard","meta":{"footnotes":""},"categories":[1],"tags":[],"class_list":["post-6369","post","type-post","status-publish","format-standard","has-post-thumbnail","hentry","category-uncategorized"],"_links":{"self":[{"href":"https:\/\/suanoticiaaqui.com.br\/news\/wp-json\/wp\/v2\/posts\/6369","targetHints":{"allow":["GET"]}}],"collection":[{"href":"https:\/\/suanoticiaaqui.com.br\/news\/wp-json\/wp\/v2\/posts"}],"about":[{"href":"https:\/\/suanoticiaaqui.com.br\/news\/wp-json\/wp\/v2\/types\/post"}],"author":[{"embeddable":true,"href":"https:\/\/suanoticiaaqui.com.br\/news\/wp-json\/wp\/v2\/users\/1"}],"replies":[{"embeddable":true,"href":"https:\/\/suanoticiaaqui.com.br\/news\/wp-json\/wp\/v2\/comments?post=6369"}],"version-history":[{"count":1,"href":"https:\/\/suanoticiaaqui.com.br\/news\/wp-json\/wp\/v2\/posts\/6369\/revisions"}],"predecessor-version":[{"id":6371,"href":"https:\/\/suanoticiaaqui.com.br\/news\/wp-json\/wp\/v2\/posts\/6369\/revisions\/6371"}],"wp:featuredmedia":[{"embeddable":true,"href":"https:\/\/suanoticiaaqui.com.br\/news\/wp-json\/wp\/v2\/media\/6370"}],"wp:attachment":[{"href":"https:\/\/suanoticiaaqui.com.br\/news\/wp-json\/wp\/v2\/media?parent=6369"}],"wp:term":[{"taxonomy":"category","embeddable":true,"href":"https:\/\/suanoticiaaqui.com.br\/news\/wp-json\/wp\/v2\/categories?post=6369"},{"taxonomy":"post_tag","embeddable":true,"href":"https:\/\/suanoticiaaqui.com.br\/news\/wp-json\/wp\/v2\/tags?post=6369"}],"curies":[{"name":"wp","href":"https:\/\/api.w.org\/{rel}","templated":true}]}}