{"id":6372,"date":"2025-06-30T17:50:12","date_gmt":"2025-06-30T21:50:12","guid":{"rendered":"https:\/\/suanoticiaaqui.com.br\/news\/?p=6372"},"modified":"2025-06-30T17:50:12","modified_gmt":"2025-06-30T21:50:12","slug":"stf-redistribui-acao-sobre-iof-para-alexandre-de-moraes","status":"publish","type":"post","link":"https:\/\/suanoticiaaqui.com.br\/news\/2025\/06\/30\/stf-redistribui-acao-sobre-iof-para-alexandre-de-moraes\/","title":{"rendered":"STF redistribui a\u00e7\u00e3o sobre IOF para Alexandre de Moraes"},"content":{"rendered":"\n<p>Processo que analisa decis\u00e3o do Congresso contra aumento do imposto deixa Gilmar Mendes e vai para Moraes<\/p>\n\n\n\n<ul class=\"wp-block-list\">\n<li><a href=\"https:\/\/bradockshow.com.br\/author\/marcotoledo\/\"><\/a>por <a href=\"https:\/\/bradockshow.com.br\/author\/marcotoledo\/\">Marco Toledo<\/a><\/li>\n<\/ul>\n\n\n\n<p>O presidente do Supremo Tribunal Federal (STF), Lu\u00eds Roberto Barroso, determinou a redistribui\u00e7\u00e3o da A\u00e7\u00e3o Direta de Inconstitucionalidade apresentada pelo PSOL ao ministro Alexandre de Moraes.<\/p>\n\n\n\n<p>A a\u00e7\u00e3o contesta o decreto legislativo do Congresso Nacional que sustou o aumento do Imposto sobre Opera\u00e7\u00f5es Financeiras (IOF), previsto em decretos assinados pelo Executivo.<\/p>\n\n\n\n<p>Inicialmente, o relator era o ministro Gilmar Mendes, que pediu a redistribui\u00e7\u00e3o por considerar que h\u00e1 conex\u00e3o entre essa a\u00e7\u00e3o e outra em tramita\u00e7\u00e3o na Corte.<\/p>\n\n\n\n<p>Os decretos questionados s\u00e3o os de n\u00ba 12.466, 12.467 e 12.499, todos de 2025. Mendes avaliou que o tema exige an\u00e1lise conjunta para evitar decis\u00f5es conflitantes.<\/p>\n\n\n\n<p>O PSOL solicita que o STF suspenda os efeitos do decreto legislativo at\u00e9 o julgamento final da a\u00e7\u00e3o. A legenda alega que o Executivo agiu dentro dos limites legais ao editar os decretos e que o Congresso n\u00e3o poderia sust\u00e1-los sem justificativa de abuso de poder.<\/p>\n","protected":false},"excerpt":{"rendered":"<p>Processo que analisa decis\u00e3o do Congresso contra aumento do imposto deixa Gilmar Mendes e vai para Moraes O presidente do&hellip;<\/p>\n","protected":false},"author":1,"featured_media":6373,"comment_status":"open","ping_status":"open","sticky":false,"template":"","format":"standard","meta":{"footnotes":""},"categories":[1],"tags":[],"class_list":["post-6372","post","type-post","status-publish","format-standard","has-post-thumbnail","hentry","category-uncategorized"],"_links":{"self":[{"href":"https:\/\/suanoticiaaqui.com.br\/news\/wp-json\/wp\/v2\/posts\/6372","targetHints":{"allow":["GET"]}}],"collection":[{"href":"https:\/\/suanoticiaaqui.com.br\/news\/wp-json\/wp\/v2\/posts"}],"about":[{"href":"https:\/\/suanoticiaaqui.com.br\/news\/wp-json\/wp\/v2\/types\/post"}],"author":[{"embeddable":true,"href":"https:\/\/suanoticiaaqui.com.br\/news\/wp-json\/wp\/v2\/users\/1"}],"replies":[{"embeddable":true,"href":"https:\/\/suanoticiaaqui.com.br\/news\/wp-json\/wp\/v2\/comments?post=6372"}],"version-history":[{"count":1,"href":"https:\/\/suanoticiaaqui.com.br\/news\/wp-json\/wp\/v2\/posts\/6372\/revisions"}],"predecessor-version":[{"id":6374,"href":"https:\/\/suanoticiaaqui.com.br\/news\/wp-json\/wp\/v2\/posts\/6372\/revisions\/6374"}],"wp:featuredmedia":[{"embeddable":true,"href":"https:\/\/suanoticiaaqui.com.br\/news\/wp-json\/wp\/v2\/media\/6373"}],"wp:attachment":[{"href":"https:\/\/suanoticiaaqui.com.br\/news\/wp-json\/wp\/v2\/media?parent=6372"}],"wp:term":[{"taxonomy":"category","embeddable":true,"href":"https:\/\/suanoticiaaqui.com.br\/news\/wp-json\/wp\/v2\/categories?post=6372"},{"taxonomy":"post_tag","embeddable":true,"href":"https:\/\/suanoticiaaqui.com.br\/news\/wp-json\/wp\/v2\/tags?post=6372"}],"curies":[{"name":"wp","href":"https:\/\/api.w.org\/{rel}","templated":true}]}}