{"id":6375,"date":"2025-06-30T17:51:33","date_gmt":"2025-06-30T21:51:33","guid":{"rendered":"https:\/\/suanoticiaaqui.com.br\/news\/?p=6375"},"modified":"2025-06-30T17:51:33","modified_gmt":"2025-06-30T21:51:33","slug":"majestic-hall-impulso-para-eventos-na-perola-do-sul-e-fronteira","status":"publish","type":"post","link":"https:\/\/suanoticiaaqui.com.br\/news\/2025\/06\/30\/majestic-hall-impulso-para-eventos-na-perola-do-sul-e-fronteira\/","title":{"rendered":"Majestic Hall: Impulso para Eventos na P\u00e9rola do Sul e Fronteira"},"content":{"rendered":"\n<h2 class=\"wp-block-heading\">Em novembro sediar\u00e1 a Ponta Agrotec<\/h2>\n\n\n\n<p>por O Vigilante<\/p>\n\n\n\n<p>Localizado estrategicamente em Ponta Por\u00e3, o Majestic Hall consolidou-se como um dos principais espa\u00e7os para eventos em toda a regi\u00e3o de fronteira com o Paraguai. Sua infraestrutura moderna e vers\u00e1til, capaz de abrigar desde pequenas reuni\u00f5es at\u00e9 grandes shows e feiras, supre uma demanda crescente por locais qualificados. Ao longo dos anos, o Majestic Hall tem sido palco de importantes acontecimentos sociais, corporativos e culturais, fomentando o turismo de neg\u00f3cios e o lazer na cidade.<\/p>\n\n\n\n<p>A versatilidade do espa\u00e7o permite a adapta\u00e7\u00e3o para diferentes formatos de eventos, oferecendo aos organizadores flexibilidade e recursos t\u00e9cnicos essenciais para o sucesso de suas iniciativas. Sua localiza\u00e7\u00e3o privilegiada facilita o acesso tanto para o p\u00fablico local quanto para visitantes da regi\u00e3o fronteiri\u00e7a, impulsionando a economia e o interc\u00e2mbio cultural. O Majestic Hall n\u00e3o \u00e9 apenas um local para eventos; \u00e9 um catalisador de oportunidades e um marco na infraestrutura de Ponta Por\u00e3, contribuindo significativamente para o seu desenvolvimento e proje\u00e7\u00e3o na fronteira.<\/p>\n\n\n\n<p>Texto: Jornalista Pedro Lopez&nbsp;<\/p>\n","protected":false},"excerpt":{"rendered":"<p>Em novembro sediar\u00e1 a Ponta Agrotec por O Vigilante Localizado estrategicamente em Ponta Por\u00e3, o Majestic Hall consolidou-se como um&hellip;<\/p>\n","protected":false},"author":1,"featured_media":6376,"comment_status":"open","ping_status":"open","sticky":false,"template":"","format":"standard","meta":{"footnotes":""},"categories":[1],"tags":[],"class_list":["post-6375","post","type-post","status-publish","format-standard","has-post-thumbnail","hentry","category-uncategorized"],"_links":{"self":[{"href":"https:\/\/suanoticiaaqui.com.br\/news\/wp-json\/wp\/v2\/posts\/6375","targetHints":{"allow":["GET"]}}],"collection":[{"href":"https:\/\/suanoticiaaqui.com.br\/news\/wp-json\/wp\/v2\/posts"}],"about":[{"href":"https:\/\/suanoticiaaqui.com.br\/news\/wp-json\/wp\/v2\/types\/post"}],"author":[{"embeddable":true,"href":"https:\/\/suanoticiaaqui.com.br\/news\/wp-json\/wp\/v2\/users\/1"}],"replies":[{"embeddable":true,"href":"https:\/\/suanoticiaaqui.com.br\/news\/wp-json\/wp\/v2\/comments?post=6375"}],"version-history":[{"count":1,"href":"https:\/\/suanoticiaaqui.com.br\/news\/wp-json\/wp\/v2\/posts\/6375\/revisions"}],"predecessor-version":[{"id":6377,"href":"https:\/\/suanoticiaaqui.com.br\/news\/wp-json\/wp\/v2\/posts\/6375\/revisions\/6377"}],"wp:featuredmedia":[{"embeddable":true,"href":"https:\/\/suanoticiaaqui.com.br\/news\/wp-json\/wp\/v2\/media\/6376"}],"wp:attachment":[{"href":"https:\/\/suanoticiaaqui.com.br\/news\/wp-json\/wp\/v2\/media?parent=6375"}],"wp:term":[{"taxonomy":"category","embeddable":true,"href":"https:\/\/suanoticiaaqui.com.br\/news\/wp-json\/wp\/v2\/categories?post=6375"},{"taxonomy":"post_tag","embeddable":true,"href":"https:\/\/suanoticiaaqui.com.br\/news\/wp-json\/wp\/v2\/tags?post=6375"}],"curies":[{"name":"wp","href":"https:\/\/api.w.org\/{rel}","templated":true}]}}