{"id":6378,"date":"2025-06-30T17:53:08","date_gmt":"2025-06-30T21:53:08","guid":{"rendered":"https:\/\/suanoticiaaqui.com.br\/news\/?p=6378"},"modified":"2025-06-30T17:53:08","modified_gmt":"2025-06-30T21:53:08","slug":"dourados-ganha-novo-curso-de-medicina","status":"publish","type":"post","link":"https:\/\/suanoticiaaqui.com.br\/news\/2025\/06\/30\/dourados-ganha-novo-curso-de-medicina\/","title":{"rendered":"Dourados ganha novo curso de Medicina"},"content":{"rendered":"\n<h2 class=\"wp-block-heading\">Portaria do MEC autoriza novo curso de Medicina em Dourados, o primeiro ap\u00f3s 25 anos da cria\u00e7\u00e3o da UFGD<\/h2>\n\n\n\n<p>Cr\u00e9ditos:\u00a0<strong>contrapontoms<\/strong><\/p>\n\n\n\n<p>Depois de um quarto de s\u00e9culo de promessas frustradas, lobbies contr\u00e1rios, batalhas judiciais e tentativas pol\u00edticas de inviabiliza\u00e7\u00e3o, Dourados finalmente conquista um novo curso de Medicina. A autoriza\u00e7\u00e3o oficial saiu nesta segunda-feira (30), no&nbsp;<em>Di\u00e1rio Oficial da Uni\u00e3o<\/em>, por meio da Portaria SERES\/MEC n\u00ba 409, assinada pela Secretaria de Regula\u00e7\u00e3o e Supervis\u00e3o da Educa\u00e7\u00e3o Superior. O curso ser\u00e1 ofertado pela rec\u00e9m-criada Faculdade de Medicina de Dourados (FMD), mantida pela UNIFRON Educacional.<\/p>\n\n\n\n<p>Trata-se de um marco. Uma conquista que carrega o simbolismo de uma repara\u00e7\u00e3o hist\u00f3rica para a cidade \u2014 a segunda maior do Mato Grosso do Sul \u2014 que at\u00e9 hoje contava com apenas um curso de Medicina, o da UFGD, criado h\u00e1 25 anos.<\/p>\n\n\n\n<p>E h\u00e1 um nome que sintetiza essa vit\u00f3ria: Henrique Sart\u00f3ri.<\/p>\n\n\n\n<p>Henrique foi o primeiro beb\u00ea nascido no Instituto do Cora\u00e7\u00e3o de Dourados, numa \u00e9poca em que o munic\u00edpio ainda sonhava com um sistema de sa\u00fade estruturado, com profissionais formados na pr\u00f3pria regi\u00e3o. Hoje, adulto e ativo no cen\u00e1rio educacional brasileiro, \u00e9 dele a articula\u00e7\u00e3o decisiva que garantiu a implanta\u00e7\u00e3o do curso. Mais que uma realiza\u00e7\u00e3o pessoal, \u00e9 um gesto de devolu\u00e7\u00e3o: um presente \u00e0 sua cidade natal.<\/p>\n\n\n\n<p>A nova Faculdade de Medicina de Dourados inicia suas atividades com 60 vagas anuais e compromisso com a inclus\u00e3o social, dentro dos par\u00e2metros da Lei dos Mais M\u00e9dicos: parte significativa das vagas ser\u00e1 destinada a alunos locais, com bolsas integrais de 100%.<\/p>\n\n\n\n<p>A vit\u00f3ria, no entanto, n\u00e3o veio f\u00e1cil. \u201cAt\u00e9 curso que n\u00e3o existia criaram para tentar inviabilizar o nosso\u201d, relata Sart\u00f3ri. A tramita\u00e7\u00e3o enfrentou resist\u00eancias nos bastidores de Bras\u00edlia e at\u00e9 movimentos articulados por figuras influentes da pol\u00edtica regional. Mas a persist\u00eancia venceu. Uma decis\u00e3o judicial determinou a continuidade do processo e, finalmente, o MEC reconheceu a legitimidade do pleito.<\/p>\n\n\n\n<p>\u201cO que entregamos hoje a Dourados \u00e9 mais que um curso. \u00c9 um projeto de futuro, uma resposta concreta a anos de descaso e enrola\u00e7\u00e3o\u201d, afirma Sart\u00f3ri, emocionado. \u201cAgora, vamos preparar os pr\u00f3ximos passos. Porque esta foi uma guerra vencida. Mas ainda h\u00e1 muitas batalhas pela frente.\u201d<\/p>\n\n\n\n<p>Dourados, enfim, tem o que merece: um novo curso de Medicina. De verdade, no preto no branco, com selo oficial da Rep\u00fablica. E com um detalhe que a hist\u00f3ria h\u00e1 de registrar com justi\u00e7a: o primeiro beb\u00ea nascido no Instituto do Cora\u00e7\u00e3o retribuiu, com coragem e determina\u00e7\u00e3o, o batimento firme da cidade que nunca parou de sonhar.<\/p>\n","protected":false},"excerpt":{"rendered":"<p>Portaria do MEC autoriza novo curso de Medicina em Dourados, o primeiro ap\u00f3s 25 anos da cria\u00e7\u00e3o da UFGD Cr\u00e9ditos:\u00a0contrapontoms&hellip;<\/p>\n","protected":false},"author":1,"featured_media":6379,"comment_status":"open","ping_status":"open","sticky":false,"template":"","format":"standard","meta":{"footnotes":""},"categories":[1],"tags":[],"class_list":["post-6378","post","type-post","status-publish","format-standard","has-post-thumbnail","hentry","category-uncategorized"],"_links":{"self":[{"href":"https:\/\/suanoticiaaqui.com.br\/news\/wp-json\/wp\/v2\/posts\/6378","targetHints":{"allow":["GET"]}}],"collection":[{"href":"https:\/\/suanoticiaaqui.com.br\/news\/wp-json\/wp\/v2\/posts"}],"about":[{"href":"https:\/\/suanoticiaaqui.com.br\/news\/wp-json\/wp\/v2\/types\/post"}],"author":[{"embeddable":true,"href":"https:\/\/suanoticiaaqui.com.br\/news\/wp-json\/wp\/v2\/users\/1"}],"replies":[{"embeddable":true,"href":"https:\/\/suanoticiaaqui.com.br\/news\/wp-json\/wp\/v2\/comments?post=6378"}],"version-history":[{"count":1,"href":"https:\/\/suanoticiaaqui.com.br\/news\/wp-json\/wp\/v2\/posts\/6378\/revisions"}],"predecessor-version":[{"id":6380,"href":"https:\/\/suanoticiaaqui.com.br\/news\/wp-json\/wp\/v2\/posts\/6378\/revisions\/6380"}],"wp:featuredmedia":[{"embeddable":true,"href":"https:\/\/suanoticiaaqui.com.br\/news\/wp-json\/wp\/v2\/media\/6379"}],"wp:attachment":[{"href":"https:\/\/suanoticiaaqui.com.br\/news\/wp-json\/wp\/v2\/media?parent=6378"}],"wp:term":[{"taxonomy":"category","embeddable":true,"href":"https:\/\/suanoticiaaqui.com.br\/news\/wp-json\/wp\/v2\/categories?post=6378"},{"taxonomy":"post_tag","embeddable":true,"href":"https:\/\/suanoticiaaqui.com.br\/news\/wp-json\/wp\/v2\/tags?post=6378"}],"curies":[{"name":"wp","href":"https:\/\/api.w.org\/{rel}","templated":true}]}}