{"id":6384,"date":"2025-07-01T09:57:58","date_gmt":"2025-07-01T13:57:58","guid":{"rendered":"https:\/\/suanoticiaaqui.com.br\/news\/?p=6384"},"modified":"2025-07-01T09:57:58","modified_gmt":"2025-07-01T13:57:58","slug":"motorista-morre-ao-capotar-carro-em-rodovia-da-fronteira-de-ms","status":"publish","type":"post","link":"https:\/\/suanoticiaaqui.com.br\/news\/2025\/07\/01\/motorista-morre-ao-capotar-carro-em-rodovia-da-fronteira-de-ms\/","title":{"rendered":"Motorista morre ao capotar carro em rodovia da fronteira de MS"},"content":{"rendered":"\n<ul class=\"wp-block-list\">\n<li>por Luiz Guilherme<\/li>\n<\/ul>\n\n\n\n<p>Erasmo Martins Alvares, de 29 anos, morreu em um grave acidente ocorrido nesta segunda-feira (30\/6), no anel vi\u00e1rio de Ponta Por\u00e3, regi\u00e3o de fronteira com o Paraguai.<\/p>\n\n\n\n<p>Segundo informa\u00e7\u00f5es divulgadas at\u00e9 o momento, o homem perdeu o controle do ve\u00edculo que dirigia e capotou. Ele estava sozinho no carro e morreu ainda no local.<\/p>\n\n\n\n<p>Equipes da PM (Pol\u00edcia Militar) e do Corpo de Bombeiros foram acionadas para atender a ocorr\u00eancia e isolar a \u00e1rea.<\/p>\n\n\n\n<p>Erasmo era uma pessoa bastante conhecida na regi\u00e3o no meio esportivo local. As causas do acidente ainda ser\u00e3o investigadas.<\/p>\n","protected":false},"excerpt":{"rendered":"<p>Erasmo Martins Alvares, de 29 anos, morreu em um grave acidente ocorrido nesta segunda-feira (30\/6), no anel vi\u00e1rio de Ponta&hellip;<\/p>\n","protected":false},"author":1,"featured_media":6385,"comment_status":"open","ping_status":"open","sticky":false,"template":"","format":"standard","meta":{"footnotes":""},"categories":[1],"tags":[],"class_list":["post-6384","post","type-post","status-publish","format-standard","has-post-thumbnail","hentry","category-uncategorized"],"_links":{"self":[{"href":"https:\/\/suanoticiaaqui.com.br\/news\/wp-json\/wp\/v2\/posts\/6384","targetHints":{"allow":["GET"]}}],"collection":[{"href":"https:\/\/suanoticiaaqui.com.br\/news\/wp-json\/wp\/v2\/posts"}],"about":[{"href":"https:\/\/suanoticiaaqui.com.br\/news\/wp-json\/wp\/v2\/types\/post"}],"author":[{"embeddable":true,"href":"https:\/\/suanoticiaaqui.com.br\/news\/wp-json\/wp\/v2\/users\/1"}],"replies":[{"embeddable":true,"href":"https:\/\/suanoticiaaqui.com.br\/news\/wp-json\/wp\/v2\/comments?post=6384"}],"version-history":[{"count":1,"href":"https:\/\/suanoticiaaqui.com.br\/news\/wp-json\/wp\/v2\/posts\/6384\/revisions"}],"predecessor-version":[{"id":6386,"href":"https:\/\/suanoticiaaqui.com.br\/news\/wp-json\/wp\/v2\/posts\/6384\/revisions\/6386"}],"wp:featuredmedia":[{"embeddable":true,"href":"https:\/\/suanoticiaaqui.com.br\/news\/wp-json\/wp\/v2\/media\/6385"}],"wp:attachment":[{"href":"https:\/\/suanoticiaaqui.com.br\/news\/wp-json\/wp\/v2\/media?parent=6384"}],"wp:term":[{"taxonomy":"category","embeddable":true,"href":"https:\/\/suanoticiaaqui.com.br\/news\/wp-json\/wp\/v2\/categories?post=6384"},{"taxonomy":"post_tag","embeddable":true,"href":"https:\/\/suanoticiaaqui.com.br\/news\/wp-json\/wp\/v2\/tags?post=6384"}],"curies":[{"name":"wp","href":"https:\/\/api.w.org\/{rel}","templated":true}]}}