{"id":6390,"date":"2025-07-01T10:03:25","date_gmt":"2025-07-01T14:03:25","guid":{"rendered":"https:\/\/suanoticiaaqui.com.br\/news\/?p=6390"},"modified":"2025-07-01T10:03:25","modified_gmt":"2025-07-01T14:03:25","slug":"homem-e-executado-com-3-tiros-no-jardim-italia","status":"publish","type":"post","link":"https:\/\/suanoticiaaqui.com.br\/news\/2025\/07\/01\/homem-e-executado-com-3-tiros-no-jardim-italia\/","title":{"rendered":"Homem \u00e9 executado com 3 tiros no Jardim It\u00e1lia"},"content":{"rendered":"\n<ul class=\"wp-block-list\">\n<li>\u00a0por Luiz Guilherme e Sidnei Bronka<\/li>\n<\/ul>\n\n\n\n<p>Homem ainda n\u00e3o identificado foi executado com um tiro na cabe\u00e7a e dois nas costas na madrugada desta ter\u00e7a-feira (1\/7), na Rua S\u00e3o Francisco, no Jardim It\u00e1lia, em Dourados.<\/p>\n\n\n\n<p>Conforme apurado pela reportagem, o indiv\u00edduo caminhava pela regi\u00e3o, quando homens em motos o abordaram e efetuaram os disparos. Ele ainda tentou correr, mas foi baleado, invadiu o quintal de uma resid\u00eancia, onde caiu.<\/p>\n\n\n\n<p>Logo ap\u00f3s os disparos uma ambul\u00e2ncia do munic\u00edpio e a PM (Pol\u00edcia Militar) foram acionadas e quando chegaram encontraram o homem j\u00e1 morto. Como mencionado no in\u00edcio da mat\u00e9ria, o rapaz n\u00e3o foi identificado, mas aparenta ter aproximadamente 25 anos, estava com cal\u00e7a jeans, moletom branco e vermelho, e com v\u00e1rias tatuagens pelo corpo.<\/p>\n\n\n\n<p>Ele n\u00e3o portava nenhum tipo de documento e o corpo foi encaminhado para o IML (Instituto M\u00e9dico Legal) de Dourados. Al\u00e9m da Pol\u00edcia Miliar, a Civil e a Per\u00edcia T\u00e9cnica tamb\u00e9m estiveram no local.<\/p>\n","protected":false},"excerpt":{"rendered":"<p>Homem ainda n\u00e3o identificado foi executado com um tiro na cabe\u00e7a e dois nas costas na madrugada desta ter\u00e7a-feira (1\/7),&hellip;<\/p>\n","protected":false},"author":1,"featured_media":6391,"comment_status":"open","ping_status":"open","sticky":false,"template":"","format":"standard","meta":{"footnotes":""},"categories":[1],"tags":[],"class_list":["post-6390","post","type-post","status-publish","format-standard","has-post-thumbnail","hentry","category-uncategorized"],"_links":{"self":[{"href":"https:\/\/suanoticiaaqui.com.br\/news\/wp-json\/wp\/v2\/posts\/6390","targetHints":{"allow":["GET"]}}],"collection":[{"href":"https:\/\/suanoticiaaqui.com.br\/news\/wp-json\/wp\/v2\/posts"}],"about":[{"href":"https:\/\/suanoticiaaqui.com.br\/news\/wp-json\/wp\/v2\/types\/post"}],"author":[{"embeddable":true,"href":"https:\/\/suanoticiaaqui.com.br\/news\/wp-json\/wp\/v2\/users\/1"}],"replies":[{"embeddable":true,"href":"https:\/\/suanoticiaaqui.com.br\/news\/wp-json\/wp\/v2\/comments?post=6390"}],"version-history":[{"count":1,"href":"https:\/\/suanoticiaaqui.com.br\/news\/wp-json\/wp\/v2\/posts\/6390\/revisions"}],"predecessor-version":[{"id":6392,"href":"https:\/\/suanoticiaaqui.com.br\/news\/wp-json\/wp\/v2\/posts\/6390\/revisions\/6392"}],"wp:featuredmedia":[{"embeddable":true,"href":"https:\/\/suanoticiaaqui.com.br\/news\/wp-json\/wp\/v2\/media\/6391"}],"wp:attachment":[{"href":"https:\/\/suanoticiaaqui.com.br\/news\/wp-json\/wp\/v2\/media?parent=6390"}],"wp:term":[{"taxonomy":"category","embeddable":true,"href":"https:\/\/suanoticiaaqui.com.br\/news\/wp-json\/wp\/v2\/categories?post=6390"},{"taxonomy":"post_tag","embeddable":true,"href":"https:\/\/suanoticiaaqui.com.br\/news\/wp-json\/wp\/v2\/tags?post=6390"}],"curies":[{"name":"wp","href":"https:\/\/api.w.org\/{rel}","templated":true}]}}