{"id":6401,"date":"2025-07-03T09:48:57","date_gmt":"2025-07-03T13:48:57","guid":{"rendered":"https:\/\/suanoticiaaqui.com.br\/news\/?p=6401"},"modified":"2025-07-03T09:48:57","modified_gmt":"2025-07-03T13:48:57","slug":"homem-assassinado-em-dourados-ja-havia-sido-preso-por-esfaquear-a-propria-mae","status":"publish","type":"post","link":"https:\/\/suanoticiaaqui.com.br\/news\/2025\/07\/03\/homem-assassinado-em-dourados-ja-havia-sido-preso-por-esfaquear-a-propria-mae\/","title":{"rendered":"Homem assassinado em Dourados j\u00e1 havia sido preso por esfaquear a pr\u00f3pria m\u00e3e"},"content":{"rendered":"\n<ul class=\"wp-block-list\">\n<li>\u00a0por Luiz Guilherme e Sidnei Bronka<\/li>\n<\/ul>\n\n\n\n<p>Identificado como Anderson Gonzales Pav\u00e3o, de 42 anos, o homem executado com tr\u00eas tiros na madrugada desta ter\u00e7a-feira (1\/7), na Rua S\u00e3o Francisco, no Jardim It\u00e1lia, em Dourados.<\/p>\n\n\n\n<p>Anderson era conhecido no meio policial por possuir diversas passagens, entre elas, a de tentativa de feminic\u00eddio contra a pr\u00f3pria m\u00e3e, ocorrida em novembro de 2021.<\/p>\n\n\n\n<p>Naquele ano, ele foi preso por policiais militares e agentes do SIG (Setor de Investiga\u00e7\u00f5es Gerais) depois de ter esfaqueado a genitora ap\u00f3s chegar em casa e ela n\u00e3o ter feito comida para ele.<\/p>\n\n\n\n<p>Depois da sua deten\u00e7\u00e3o, o indiv\u00edduo chegou a ser transferido para a PED (Penitenci\u00e1ria Estadual de Dourados), onde cumpriu a pena.<\/p>\n\n\n\n<p><strong>A execu\u00e7\u00e3o<\/strong><\/p>\n\n\n\n<p>Como noticiado mais cedo, Anderson caminhava pelo Bairro Jardim It\u00e1lia, quando homens em motos o abordaram e efetuaram os disparos que a atingiram cabe\u00e7a e costas do ex-presidi\u00e1rio.<\/p>\n\n\n\n<p>Ele ainda correu e j\u00e1 baleado, invadiu o quintal de uma resid\u00eancia, onde caiu e morreu. Ambul\u00e2ncia do munic\u00edpio e a PM (Pol\u00edcia Militar) foram acionadas e quando chegaram encontraram o homem j\u00e1 morto.<\/p>\n\n\n\n<p>Anderson Gonzales Pav\u00e3o estava com cal\u00e7a jeans, moletom branco e vermelho, e com v\u00e1rias tatuagens pelo corpo.<\/p>\n\n\n\n<p>Ele n\u00e3o portava nenhum tipo de documento e o corpo foi encaminhado para o IML (Instituto M\u00e9dico Legal) de Dourados. Al\u00e9m da Pol\u00edcia Miliar, a Civil e a Per\u00edcia T\u00e9cnica tamb\u00e9m estiveram no local.<\/p>\n","protected":false},"excerpt":{"rendered":"<p>Identificado como Anderson Gonzales Pav\u00e3o, de 42 anos, o homem executado com tr\u00eas tiros na madrugada desta ter\u00e7a-feira (1\/7), na&hellip;<\/p>\n","protected":false},"author":1,"featured_media":6402,"comment_status":"open","ping_status":"open","sticky":false,"template":"","format":"standard","meta":{"footnotes":""},"categories":[1],"tags":[],"class_list":["post-6401","post","type-post","status-publish","format-standard","has-post-thumbnail","hentry","category-uncategorized"],"_links":{"self":[{"href":"https:\/\/suanoticiaaqui.com.br\/news\/wp-json\/wp\/v2\/posts\/6401","targetHints":{"allow":["GET"]}}],"collection":[{"href":"https:\/\/suanoticiaaqui.com.br\/news\/wp-json\/wp\/v2\/posts"}],"about":[{"href":"https:\/\/suanoticiaaqui.com.br\/news\/wp-json\/wp\/v2\/types\/post"}],"author":[{"embeddable":true,"href":"https:\/\/suanoticiaaqui.com.br\/news\/wp-json\/wp\/v2\/users\/1"}],"replies":[{"embeddable":true,"href":"https:\/\/suanoticiaaqui.com.br\/news\/wp-json\/wp\/v2\/comments?post=6401"}],"version-history":[{"count":1,"href":"https:\/\/suanoticiaaqui.com.br\/news\/wp-json\/wp\/v2\/posts\/6401\/revisions"}],"predecessor-version":[{"id":6403,"href":"https:\/\/suanoticiaaqui.com.br\/news\/wp-json\/wp\/v2\/posts\/6401\/revisions\/6403"}],"wp:featuredmedia":[{"embeddable":true,"href":"https:\/\/suanoticiaaqui.com.br\/news\/wp-json\/wp\/v2\/media\/6402"}],"wp:attachment":[{"href":"https:\/\/suanoticiaaqui.com.br\/news\/wp-json\/wp\/v2\/media?parent=6401"}],"wp:term":[{"taxonomy":"category","embeddable":true,"href":"https:\/\/suanoticiaaqui.com.br\/news\/wp-json\/wp\/v2\/categories?post=6401"},{"taxonomy":"post_tag","embeddable":true,"href":"https:\/\/suanoticiaaqui.com.br\/news\/wp-json\/wp\/v2\/tags?post=6401"}],"curies":[{"name":"wp","href":"https:\/\/api.w.org\/{rel}","templated":true}]}}