{"id":6410,"date":"2025-07-03T10:00:50","date_gmt":"2025-07-03T14:00:50","guid":{"rendered":"https:\/\/suanoticiaaqui.com.br\/news\/?p=6410"},"modified":"2025-07-03T10:00:50","modified_gmt":"2025-07-03T14:00:50","slug":"investigacao-do-mp-sobre-turvamento-dos-rios-em-bonito-cobra-acao-eficaz-do-imasul","status":"publish","type":"post","link":"https:\/\/suanoticiaaqui.com.br\/news\/2025\/07\/03\/investigacao-do-mp-sobre-turvamento-dos-rios-em-bonito-cobra-acao-eficaz-do-imasul\/","title":{"rendered":"Investiga\u00e7\u00e3o do MP sobre turvamento dos rios em Bonito cobra a\u00e7\u00e3o eficaz do Imasul"},"content":{"rendered":"\n<ul class=\"wp-block-list\">\n<li>\u00a0por Ligado na Noticia<\/li>\n<\/ul>\n\n\n\n<p>O Minist\u00e9rio P\u00fablico de Mato Grosso do Sul (MPMS), por meio da 2\u00aa Promotoria de Justi\u00e7a da Comarca de Bonito, instaurou um inqu\u00e9rito civil para garantir uma prote\u00e7\u00e3o ambiental mais efetiva na regi\u00e3o da Serra da Bodoquena, um ecossistema de alta relev\u00e2ncia ecol\u00f3gica e tur\u00edstica.<\/p>\n\n\n\n<p>O Promotor de Justi\u00e7a Alexandre Estuqui J\u00fanior, atualmente titular da 2\u00aa Promotoria de Justi\u00e7a de Caarap\u00f3, ressalta que a investiga\u00e7\u00e3o foi motivada por uma den\u00fancia encaminhada pelo Minist\u00e9rio P\u00fablico Federal (MPF). O material continha notas t\u00e9cnicas elaboradas pela Rede Nacional Pr\u00f3-Unidades de Conserva\u00e7\u00e3o, uma associa\u00e7\u00e3o civil dedicada \u00e0 prote\u00e7\u00e3o da Serra da Bodoquena, com foco especial em Bonito.<\/p>\n\n\n\n<p>As notas t\u00e9cnicas apontaram preocupa\u00e7\u00f5es ambientais significativas, incluindo o recorrente e intenso turvamento dos rios da regi\u00e3o, que impacta negativamente o turismo e os ecossistemas naturais. As an\u00e1lises t\u00e9cnicas tamb\u00e9m sublinharam a necessidade de uma atua\u00e7\u00e3o mais assertiva por parte do Instituto de Meio Ambiente de Mato Grosso do Sul (Imasul).<\/p>\n\n\n\n<p>Foi sugerido que o \u00f3rg\u00e3o realize vistorias em campo para classificar a fitofisionomia da vegeta\u00e7\u00e3o em \u00e1reas que est\u00e3o fora do mapa de aplica\u00e7\u00e3o da Lei da Mata Atl\u00e2ntica devido a quest\u00f5es de escala, principalmente em forma\u00e7\u00f5es florestais sazonais e zonas de contato com o Cerrado.<\/p>\n\n\n\n<p>Al\u00e9m disso, as notas indicaram que o Imasul deveria realizar inspe\u00e7\u00f5es presenciais antes de conceder autoriza\u00e7\u00f5es administrativas para a supress\u00e3o de vegeta\u00e7\u00e3o nativa. A documenta\u00e7\u00e3o do MPF inclu\u00eda tamb\u00e9m a resposta da Secretaria de Meio Ambiente, Desenvolvimento, Ci\u00eancia, Tecnologia e Inova\u00e7\u00e3o (Semadesc) sobre as medidas que estavam sendo tomadas para a prote\u00e7\u00e3o da Serra da Bodoquena.<\/p>\n\n\n\n<p>Com a instaura\u00e7\u00e3o deste inqu\u00e9rito civil, o MPMS busca apurar os fatos com precis\u00e3o, coletando todas as informa\u00e7\u00f5es necess\u00e1rias, como depoimentos, certid\u00f5es, per\u00edcias e outras dilig\u00eancias cab\u00edveis.<\/p>\n\n\n\n<p>O objetivo final \u00e9 construir um panorama completo que permita a celebra\u00e7\u00e3o de um Termo de Ajustamento de Conduta (TAC), o ajuizamento de uma a\u00e7\u00e3o civil p\u00fablica, caso necess\u00e1rio, ou o arquivamento do procedimento, sempre de acordo com a legisla\u00e7\u00e3o vigente.<\/p>\n\n\n\n<p>A atua\u00e7\u00e3o da 2\u00aa Promotoria de Justi\u00e7a da Comarca de Bonito, neste caso, refor\u00e7a seu compromisso constitucional e legal com a defesa do meio ambiente. A Constitui\u00e7\u00e3o Federal, em seu artigo 225, assegura a todos o direito a um meio ambiente ecologicamente equilibrado, e a Lei da Pol\u00edtica Nacional do Meio Ambiente (n\u00ba 6.938\/1981) atribui responsabilidades aos causadores de danos ambientais.<\/p>\n\n\n\n<p>O MPMS, portanto, age para garantir que esse direito fundamental seja respeitado e que as pol\u00edticas p\u00fablicas e a\u00e7\u00f5es fiscalizat\u00f3rias sejam eficazes na prote\u00e7\u00e3o do patrim\u00f4nio natural.<\/p>\n","protected":false},"excerpt":{"rendered":"<p>O Minist\u00e9rio P\u00fablico de Mato Grosso do Sul (MPMS), por meio da 2\u00aa Promotoria de Justi\u00e7a da Comarca de Bonito,&hellip;<\/p>\n","protected":false},"author":1,"featured_media":6411,"comment_status":"open","ping_status":"open","sticky":false,"template":"","format":"standard","meta":{"footnotes":""},"categories":[1],"tags":[],"class_list":["post-6410","post","type-post","status-publish","format-standard","has-post-thumbnail","hentry","category-uncategorized"],"_links":{"self":[{"href":"https:\/\/suanoticiaaqui.com.br\/news\/wp-json\/wp\/v2\/posts\/6410","targetHints":{"allow":["GET"]}}],"collection":[{"href":"https:\/\/suanoticiaaqui.com.br\/news\/wp-json\/wp\/v2\/posts"}],"about":[{"href":"https:\/\/suanoticiaaqui.com.br\/news\/wp-json\/wp\/v2\/types\/post"}],"author":[{"embeddable":true,"href":"https:\/\/suanoticiaaqui.com.br\/news\/wp-json\/wp\/v2\/users\/1"}],"replies":[{"embeddable":true,"href":"https:\/\/suanoticiaaqui.com.br\/news\/wp-json\/wp\/v2\/comments?post=6410"}],"version-history":[{"count":1,"href":"https:\/\/suanoticiaaqui.com.br\/news\/wp-json\/wp\/v2\/posts\/6410\/revisions"}],"predecessor-version":[{"id":6412,"href":"https:\/\/suanoticiaaqui.com.br\/news\/wp-json\/wp\/v2\/posts\/6410\/revisions\/6412"}],"wp:featuredmedia":[{"embeddable":true,"href":"https:\/\/suanoticiaaqui.com.br\/news\/wp-json\/wp\/v2\/media\/6411"}],"wp:attachment":[{"href":"https:\/\/suanoticiaaqui.com.br\/news\/wp-json\/wp\/v2\/media?parent=6410"}],"wp:term":[{"taxonomy":"category","embeddable":true,"href":"https:\/\/suanoticiaaqui.com.br\/news\/wp-json\/wp\/v2\/categories?post=6410"},{"taxonomy":"post_tag","embeddable":true,"href":"https:\/\/suanoticiaaqui.com.br\/news\/wp-json\/wp\/v2\/tags?post=6410"}],"curies":[{"name":"wp","href":"https:\/\/api.w.org\/{rel}","templated":true}]}}