{"id":6413,"date":"2025-07-03T10:09:26","date_gmt":"2025-07-03T14:09:26","guid":{"rendered":"https:\/\/suanoticiaaqui.com.br\/news\/?p=6413"},"modified":"2025-07-03T10:09:26","modified_gmt":"2025-07-03T14:09:26","slug":"condenado-por-trafico-de-drogas-e-preso-em-dourados","status":"publish","type":"post","link":"https:\/\/suanoticiaaqui.com.br\/news\/2025\/07\/03\/condenado-por-trafico-de-drogas-e-preso-em-dourados\/","title":{"rendered":"Condenado por tr\u00e1fico de drogas \u00e9 preso em Dourados\u00a0"},"content":{"rendered":"\n<p>por Dourados News<\/p>\n\n\n\n<p>Um homem de 29 anos foi preso na tarde de quarta-feira (2), em Dourados, para cumprir pena por tr\u00e1fico de drogas. Ele foi capturado durante uma a\u00e7\u00e3o da Delegacia de Repress\u00e3o aos Crimes de Fronteira (DEFRON), em conjunto com a 1\u00aa Delegacia de Pol\u00edcia de Nova Andradina.<\/p>\n\n\n\n<p>A pris\u00e3o aconteceu ap\u00f3s troca de informa\u00e7\u00f5es entre as unidades policiais das duas cidades. Contra o homem havia um mandado judicial expedido pela Vara Criminal da Comarca de Nova Andradina, determinando o cumprimento de pena de 5 anos, 8 meses e 2 dias em regime fechado.<\/p>\n\n\n\n<p>Assim que localizado, ele foi encaminhado para a Delegacia de Pronto Atendimento Comunit\u00e1rio (Depac) de Dourados, onde permanece \u00e0 disposi\u00e7\u00e3o da Justi\u00e7a.<\/p>\n\n\n\n<p>A Defron refor\u00e7a que a popula\u00e7\u00e3o pode colaborar com investiga\u00e7\u00f5es por meio de den\u00fancias an\u00f4nimas. O canal est\u00e1 dispon\u00edvel pelo telefone (67) 99633-7982, com garantia de sigilo.<\/p>\n\n\n\n<p><\/p>\n","protected":false},"excerpt":{"rendered":"<p>por Dourados News Um homem de 29 anos foi preso na tarde de quarta-feira (2), em Dourados, para cumprir pena&hellip;<\/p>\n","protected":false},"author":1,"featured_media":6414,"comment_status":"open","ping_status":"open","sticky":false,"template":"","format":"standard","meta":{"footnotes":""},"categories":[1],"tags":[],"class_list":["post-6413","post","type-post","status-publish","format-standard","has-post-thumbnail","hentry","category-uncategorized"],"_links":{"self":[{"href":"https:\/\/suanoticiaaqui.com.br\/news\/wp-json\/wp\/v2\/posts\/6413","targetHints":{"allow":["GET"]}}],"collection":[{"href":"https:\/\/suanoticiaaqui.com.br\/news\/wp-json\/wp\/v2\/posts"}],"about":[{"href":"https:\/\/suanoticiaaqui.com.br\/news\/wp-json\/wp\/v2\/types\/post"}],"author":[{"embeddable":true,"href":"https:\/\/suanoticiaaqui.com.br\/news\/wp-json\/wp\/v2\/users\/1"}],"replies":[{"embeddable":true,"href":"https:\/\/suanoticiaaqui.com.br\/news\/wp-json\/wp\/v2\/comments?post=6413"}],"version-history":[{"count":1,"href":"https:\/\/suanoticiaaqui.com.br\/news\/wp-json\/wp\/v2\/posts\/6413\/revisions"}],"predecessor-version":[{"id":6415,"href":"https:\/\/suanoticiaaqui.com.br\/news\/wp-json\/wp\/v2\/posts\/6413\/revisions\/6415"}],"wp:featuredmedia":[{"embeddable":true,"href":"https:\/\/suanoticiaaqui.com.br\/news\/wp-json\/wp\/v2\/media\/6414"}],"wp:attachment":[{"href":"https:\/\/suanoticiaaqui.com.br\/news\/wp-json\/wp\/v2\/media?parent=6413"}],"wp:term":[{"taxonomy":"category","embeddable":true,"href":"https:\/\/suanoticiaaqui.com.br\/news\/wp-json\/wp\/v2\/categories?post=6413"},{"taxonomy":"post_tag","embeddable":true,"href":"https:\/\/suanoticiaaqui.com.br\/news\/wp-json\/wp\/v2\/tags?post=6413"}],"curies":[{"name":"wp","href":"https:\/\/api.w.org\/{rel}","templated":true}]}}