{"id":6416,"date":"2025-07-03T10:10:41","date_gmt":"2025-07-03T14:10:41","guid":{"rendered":"https:\/\/suanoticiaaqui.com.br\/news\/?p=6416"},"modified":"2025-07-03T10:10:41","modified_gmt":"2025-07-03T14:10:41","slug":"homem-armado-em-lanchonete-e-preso-apos-denuncia-em-dourados","status":"publish","type":"post","link":"https:\/\/suanoticiaaqui.com.br\/news\/2025\/07\/03\/homem-armado-em-lanchonete-e-preso-apos-denuncia-em-dourados\/","title":{"rendered":"Homem armado em lanchonete \u00e9 preso ap\u00f3s den\u00fancia em Dourados"},"content":{"rendered":"\n<p>Por\u00a0<strong>Cristina Nunes<\/strong><\/p>\n\n\n\n<p>Um homem de 37 anos foi preso em flagrante na noite de quarta-feira (2), por volta das 20h40, por porte ilegal de arma de fogo em Dourados. O caso aconteceu em uma lanchonete localizada no Parque das Na\u00e7\u00f5es II.<\/p>\n\n\n\n<p>De acordo com informa\u00e7\u00f5es da pol\u00edcia, uma den\u00fancia an\u00f4nima indicava que o indiv\u00edduo estaria no local exibindo uma arma de fogo. Uma equipe foi at\u00e9 a lanchonete e encontrou com o homem&nbsp;uma pistola calibre 9mm, carregada.<\/p>\n\n\n\n<p>Durante a abordagem, os policiais constataram que a arma era registrada, por\u00e9m se trata de um armamento de uso restrito, o que torna ilegal o porte, mesmo que legalizada.<\/p>\n\n\n\n<p>O homem alegou que vinha sofrendo amea\u00e7as de fac\u00e7\u00f5es criminosas e, por esse motivo, portava a arma para se proteger.<\/p>\n\n\n\n<p>Ele recebeu voz de pris\u00e3o e foi encaminhado para a Delegacia de Pronto Atendimento Comunit\u00e1rio (Depac), onde foi autuado em flagrante por porte ilegal de arma de fogo de uso restrito.<\/p>\n","protected":false},"excerpt":{"rendered":"<p>Por\u00a0Cristina Nunes Um homem de 37 anos foi preso em flagrante na noite de quarta-feira (2), por volta das 20h40,&hellip;<\/p>\n","protected":false},"author":1,"featured_media":6417,"comment_status":"open","ping_status":"open","sticky":false,"template":"","format":"standard","meta":{"footnotes":""},"categories":[1],"tags":[],"class_list":["post-6416","post","type-post","status-publish","format-standard","has-post-thumbnail","hentry","category-uncategorized"],"_links":{"self":[{"href":"https:\/\/suanoticiaaqui.com.br\/news\/wp-json\/wp\/v2\/posts\/6416","targetHints":{"allow":["GET"]}}],"collection":[{"href":"https:\/\/suanoticiaaqui.com.br\/news\/wp-json\/wp\/v2\/posts"}],"about":[{"href":"https:\/\/suanoticiaaqui.com.br\/news\/wp-json\/wp\/v2\/types\/post"}],"author":[{"embeddable":true,"href":"https:\/\/suanoticiaaqui.com.br\/news\/wp-json\/wp\/v2\/users\/1"}],"replies":[{"embeddable":true,"href":"https:\/\/suanoticiaaqui.com.br\/news\/wp-json\/wp\/v2\/comments?post=6416"}],"version-history":[{"count":1,"href":"https:\/\/suanoticiaaqui.com.br\/news\/wp-json\/wp\/v2\/posts\/6416\/revisions"}],"predecessor-version":[{"id":6418,"href":"https:\/\/suanoticiaaqui.com.br\/news\/wp-json\/wp\/v2\/posts\/6416\/revisions\/6418"}],"wp:featuredmedia":[{"embeddable":true,"href":"https:\/\/suanoticiaaqui.com.br\/news\/wp-json\/wp\/v2\/media\/6417"}],"wp:attachment":[{"href":"https:\/\/suanoticiaaqui.com.br\/news\/wp-json\/wp\/v2\/media?parent=6416"}],"wp:term":[{"taxonomy":"category","embeddable":true,"href":"https:\/\/suanoticiaaqui.com.br\/news\/wp-json\/wp\/v2\/categories?post=6416"},{"taxonomy":"post_tag","embeddable":true,"href":"https:\/\/suanoticiaaqui.com.br\/news\/wp-json\/wp\/v2\/tags?post=6416"}],"curies":[{"name":"wp","href":"https:\/\/api.w.org\/{rel}","templated":true}]}}