{"id":6451,"date":"2025-07-04T11:36:48","date_gmt":"2025-07-04T15:36:48","guid":{"rendered":"https:\/\/suanoticiaaqui.com.br\/news\/?p=6451"},"modified":"2025-07-04T11:36:48","modified_gmt":"2025-07-04T15:36:48","slug":"confusao-entre-vereadora-e-medico-vai-parar-na-delegacia-em-dourados","status":"publish","type":"post","link":"https:\/\/suanoticiaaqui.com.br\/news\/2025\/07\/04\/confusao-entre-vereadora-e-medico-vai-parar-na-delegacia-em-dourados\/","title":{"rendered":"Confus\u00e3o entre vereadora e m\u00e9dico vai parar na delegacia em Dourados"},"content":{"rendered":"\n<p>Por\u00a0<strong>Cristina Nunes<\/strong><\/p>\n\n\n\n<p>Um desentendimento entre a vereadora Isa Jane Marcondes (Republicanos) e um m\u00e9dico da Unidade de Sa\u00fade do distrito de Ind\u00e1polis, em Dourados, terminou na delegacia, com registros de boletins de ocorr\u00eancia por ambas as partes.&nbsp;<\/p>\n\n\n\n<p>O epis\u00f3dio foi gravado e divulgado pela vereadora em suas redes sociais. Conforme o v\u00eddeo publicado, Isa chegou \u00e0 unidade questionando a presen\u00e7a de m\u00e9dicos, dentistas, agentes de sa\u00fade e a disponibilidade de medicamentos, abordagem que tem feito parte de sua rotina parlamentar.&nbsp;<\/p>\n\n\n\n<p>Em determinado momento, o m\u00e9dico da unidade se aproxima e a confronta sobre publica\u00e7\u00f5es anteriores feitas por ela.<\/p>\n\n\n\n<p>\u201c\u00c9 voc\u00ea quem t\u00e1 postando as coisas de mim sem perguntar?\u201d, indaga o profissional. A vereadora responde \u201cEu posto de quem eu quiser\u201d. O m\u00e9dico rebate dizendo que, nos epis\u00f3dios mencionados por ela, ele estaria realizando visitas domiciliares e participando de capacita\u00e7\u00f5es.&nbsp;<\/p>\n\n\n\n<p>No v\u00eddeo, \u00e9 poss\u00edvel observar o m\u00e9dico insistindo para que a vereadora fa\u00e7a uma retrata\u00e7\u00e3o pelas publica\u00e7\u00f5es anteriores, ao que Isa responde pedindo que ele \u201cbaixe a bola\u201d.&nbsp;<\/p>\n\n\n\n<p>A partir desse momento, a conversa evolui para uma discuss\u00e3o, marcada por troca de acusa\u00e7\u00f5es e eleva\u00e7\u00e3o de tom de ambos os lados. O m\u00e9dico utiliza palavras de baixo cal\u00e3o durante o embate, enquanto a vereadora, alegando ser uma autoridade, afirma que mandaria prender ele.<\/p>\n\n\n\n<p>A Guarda Municipal foi acionada&nbsp;e os dois foram \u00e0&nbsp;delegacia. O m\u00e9dico registrou boletim de ocorr\u00eancia por cal\u00fania, enquanto Isa Marcondes denunciou agress\u00e3o verbal.&nbsp;<\/p>\n\n\n\n<p>Al\u00e9m disso, segundo a assessoria da parlamentar, ela vai formalizar representa\u00e7\u00f5es junto ao munic\u00edpio e \u00e0 Corregedoria da Pol\u00edcia, pois antes de se tornar m\u00e9dico ele era policial e agora faz parte da reserva.<\/p>\n\n\n\n<p><strong>Hist\u00f3rico de atritos<\/strong><\/p>\n\n\n\n<p>Esta n\u00e3o \u00e9 a primeira controv\u00e9rsia envolvendo a vereadora e profissionais da sa\u00fade. No dia 9 de junho, um documento assinado pelo m\u00e9dico Fl\u00e1vio Jardim Gomes foi protocolado na C\u00e2mara Municipal de Dourados, solicitando a abertura de uma Comiss\u00e3o Processante contra Isa Marcondes por quebra de decoro parlamentar.<\/p>\n\n\n\n<p>Na representa\u00e7\u00e3o, o m\u00e9dico, que \u00e9 lotado na Unidade B\u00e1sica de Sa\u00fade do bairro Altos do Indai\u00e1, afirma ter sido alvo de ataques p\u00fablicos em postagens feitas por Isa nas redes sociais.&nbsp;<\/p>\n\n\n\n<p>O texto, com 12 p\u00e1ginas, ao qual o&nbsp;<em><strong>Dourados News<\/strong><\/em>&nbsp;teve acesso, aponta que a vereadora teria incorrido em condutas como exposi\u00e7\u00e3o indevida, amea\u00e7as, incita\u00e7\u00e3o \u00e0 hostilidade, viol\u00eancia contra servidor p\u00fablico no exerc\u00edcio da fun\u00e7\u00e3o, al\u00e9m de crimes como cal\u00fania, difama\u00e7\u00e3o, inj\u00faria, incita\u00e7\u00e3o ao crime, amea\u00e7a e abuso de autoridade.<\/p>\n\n\n\n<p>A den\u00fancia foi levada ao plen\u00e1rio da C\u00e2mara de vereadores, mas rejeitada por 13 votos a 6, resultando em seu arquivamento.<\/p>\n","protected":false},"excerpt":{"rendered":"<p>Por\u00a0Cristina Nunes Um desentendimento entre a vereadora Isa Jane Marcondes (Republicanos) e um m\u00e9dico da Unidade de Sa\u00fade do distrito&hellip;<\/p>\n","protected":false},"author":1,"featured_media":6452,"comment_status":"open","ping_status":"open","sticky":false,"template":"","format":"standard","meta":{"footnotes":""},"categories":[1],"tags":[],"class_list":["post-6451","post","type-post","status-publish","format-standard","has-post-thumbnail","hentry","category-uncategorized"],"_links":{"self":[{"href":"https:\/\/suanoticiaaqui.com.br\/news\/wp-json\/wp\/v2\/posts\/6451","targetHints":{"allow":["GET"]}}],"collection":[{"href":"https:\/\/suanoticiaaqui.com.br\/news\/wp-json\/wp\/v2\/posts"}],"about":[{"href":"https:\/\/suanoticiaaqui.com.br\/news\/wp-json\/wp\/v2\/types\/post"}],"author":[{"embeddable":true,"href":"https:\/\/suanoticiaaqui.com.br\/news\/wp-json\/wp\/v2\/users\/1"}],"replies":[{"embeddable":true,"href":"https:\/\/suanoticiaaqui.com.br\/news\/wp-json\/wp\/v2\/comments?post=6451"}],"version-history":[{"count":1,"href":"https:\/\/suanoticiaaqui.com.br\/news\/wp-json\/wp\/v2\/posts\/6451\/revisions"}],"predecessor-version":[{"id":6453,"href":"https:\/\/suanoticiaaqui.com.br\/news\/wp-json\/wp\/v2\/posts\/6451\/revisions\/6453"}],"wp:featuredmedia":[{"embeddable":true,"href":"https:\/\/suanoticiaaqui.com.br\/news\/wp-json\/wp\/v2\/media\/6452"}],"wp:attachment":[{"href":"https:\/\/suanoticiaaqui.com.br\/news\/wp-json\/wp\/v2\/media?parent=6451"}],"wp:term":[{"taxonomy":"category","embeddable":true,"href":"https:\/\/suanoticiaaqui.com.br\/news\/wp-json\/wp\/v2\/categories?post=6451"},{"taxonomy":"post_tag","embeddable":true,"href":"https:\/\/suanoticiaaqui.com.br\/news\/wp-json\/wp\/v2\/tags?post=6451"}],"curies":[{"name":"wp","href":"https:\/\/api.w.org\/{rel}","templated":true}]}}