{"id":6454,"date":"2025-07-04T11:38:02","date_gmt":"2025-07-04T15:38:02","guid":{"rendered":"https:\/\/suanoticiaaqui.com.br\/news\/?p=6454"},"modified":"2025-07-04T11:38:02","modified_gmt":"2025-07-04T15:38:02","slug":"jovem-e-esfaqueado-e-tem-cesta-basica-roubada-em-dourados","status":"publish","type":"post","link":"https:\/\/suanoticiaaqui.com.br\/news\/2025\/07\/04\/jovem-e-esfaqueado-e-tem-cesta-basica-roubada-em-dourados\/","title":{"rendered":"Jovem \u00e9 esfaqueado e tem cesta b\u00e1sica roubada\u00a0em Dourados"},"content":{"rendered":"\n<p>Por\u00a0<strong>Cristina Nunes<\/strong><\/p>\n\n\n\n<p>Um jovem identificado como Guilherme Martins Rios foi esfaqueado na tarde de quinta-feira (3), na Aldeia Jaguapiru, reserva ind\u00edgena de Dourados.<\/p>\n\n\n\n<p>O crime aconteceu na rua Neinaldo Souza de Oliveira e, segundo as informa\u00e7\u00f5es apuradas, o autor do ataque seria outro jovem, que fugiu do local levando os pertences da v\u00edtima.<\/p>\n\n\n\n<p>Guilherme seguia pela via quando foi abordado pelo autor. Os dois iniciaram uma discuss\u00e3o e o suspeito desferiu um golpe de faca contra a v\u00edtima. Em seguida, ele fugiu do local levando uma cesta b\u00e1sica e a bicicleta que estavam com Guilherme.<\/p>\n\n\n\n<p>A v\u00edtima foi socorrida por moradores da regi\u00e3o e encaminhada para o Hospital da Vida, onde permanece internado.&nbsp;A Pol\u00edcia Civil investiga o caso.<\/p>\n","protected":false},"excerpt":{"rendered":"<p>Por\u00a0Cristina Nunes Um jovem identificado como Guilherme Martins Rios foi esfaqueado na tarde de quinta-feira (3), na Aldeia Jaguapiru, reserva&hellip;<\/p>\n","protected":false},"author":1,"featured_media":6455,"comment_status":"open","ping_status":"open","sticky":false,"template":"","format":"standard","meta":{"footnotes":""},"categories":[1],"tags":[],"class_list":["post-6454","post","type-post","status-publish","format-standard","has-post-thumbnail","hentry","category-uncategorized"],"_links":{"self":[{"href":"https:\/\/suanoticiaaqui.com.br\/news\/wp-json\/wp\/v2\/posts\/6454","targetHints":{"allow":["GET"]}}],"collection":[{"href":"https:\/\/suanoticiaaqui.com.br\/news\/wp-json\/wp\/v2\/posts"}],"about":[{"href":"https:\/\/suanoticiaaqui.com.br\/news\/wp-json\/wp\/v2\/types\/post"}],"author":[{"embeddable":true,"href":"https:\/\/suanoticiaaqui.com.br\/news\/wp-json\/wp\/v2\/users\/1"}],"replies":[{"embeddable":true,"href":"https:\/\/suanoticiaaqui.com.br\/news\/wp-json\/wp\/v2\/comments?post=6454"}],"version-history":[{"count":1,"href":"https:\/\/suanoticiaaqui.com.br\/news\/wp-json\/wp\/v2\/posts\/6454\/revisions"}],"predecessor-version":[{"id":6456,"href":"https:\/\/suanoticiaaqui.com.br\/news\/wp-json\/wp\/v2\/posts\/6454\/revisions\/6456"}],"wp:featuredmedia":[{"embeddable":true,"href":"https:\/\/suanoticiaaqui.com.br\/news\/wp-json\/wp\/v2\/media\/6455"}],"wp:attachment":[{"href":"https:\/\/suanoticiaaqui.com.br\/news\/wp-json\/wp\/v2\/media?parent=6454"}],"wp:term":[{"taxonomy":"category","embeddable":true,"href":"https:\/\/suanoticiaaqui.com.br\/news\/wp-json\/wp\/v2\/categories?post=6454"},{"taxonomy":"post_tag","embeddable":true,"href":"https:\/\/suanoticiaaqui.com.br\/news\/wp-json\/wp\/v2\/tags?post=6454"}],"curies":[{"name":"wp","href":"https:\/\/api.w.org\/{rel}","templated":true}]}}