{"id":6460,"date":"2025-07-04T11:40:33","date_gmt":"2025-07-04T15:40:33","guid":{"rendered":"https:\/\/suanoticiaaqui.com.br\/news\/?p=6460"},"modified":"2025-07-04T11:40:33","modified_gmt":"2025-07-04T15:40:33","slug":"condenado-a-120-anos-integrante-de-faccao-foragido-e-preso-em-ms","status":"publish","type":"post","link":"https:\/\/suanoticiaaqui.com.br\/news\/2025\/07\/04\/condenado-a-120-anos-integrante-de-faccao-foragido-e-preso-em-ms\/","title":{"rendered":"Condenado a 120 anos, integrante de fac\u00e7\u00e3o foragido \u00e9 preso em MS"},"content":{"rendered":"\n<p>por Dourados News<\/p>\n\n\n\n<p>Um homem de 25 anos, apontado como lideran\u00e7a de uma fac\u00e7\u00e3o criminosa no Acre, foi preso na manh\u00e3 desta sexta-feira (4) em Campo Grande, durante opera\u00e7\u00e3o da Delegacia de Homic\u00eddios e de Prote\u00e7\u00e3o \u00e0 Pessoa (DHPP). A pris\u00e3o ocorreu no bairro Jardim Noroeste, ap\u00f3s a identifica\u00e7\u00e3o do im\u00f3vel onde o suspeito estava escondido.<\/p>\n\n\n\n<p>De acordo com a pol\u00edcia, o investigado \u00e9 acusado de ter cometido tr\u00eas homic\u00eddios com extrema viol\u00eancia entre 2022 e 2023, todos em Rio Branco (AC), al\u00e9m de uma s\u00e9rie de roubos. Os crimes foram praticados com o uso de arma de fogo.<\/p>\n\n\n\n<p>Para escapar da Justi\u00e7a, o suspeito se mudou para Campo Grande no ano passado. Mesmo fora do Acre, ele continuou atuando na organiza\u00e7\u00e3o criminosa, sendo o respons\u00e1vel por manter a liga\u00e7\u00e3o da fac\u00e7\u00e3o, conhecida como Bonde dos 13, com traficantes de drogas e armas de fogo no Paraguai.<\/p>\n\n\n\n<p>Durante o cumprimento dos sete mandados de pris\u00e3o expedidos contra ele, o homem tentou fugir pelo telhado da resid\u00eancia, mas foi capturado pela equipe da DHPP. Ap\u00f3s a pris\u00e3o, ele foi encaminhado a uma unidade prisional da capital sul-mato-grossense.<\/p>\n\n\n\n<p>A Pol\u00edcia Civil do Acre j\u00e1 informou que solicitar\u00e1 o rec\u00e2mbio do suspeito para que ele responda aos processos criminais no estado de origem.<\/p>\n","protected":false},"excerpt":{"rendered":"<p>por Dourados News Um homem de 25 anos, apontado como lideran\u00e7a de uma fac\u00e7\u00e3o criminosa no Acre, foi preso na&hellip;<\/p>\n","protected":false},"author":1,"featured_media":6461,"comment_status":"open","ping_status":"open","sticky":false,"template":"","format":"standard","meta":{"footnotes":""},"categories":[1],"tags":[],"class_list":["post-6460","post","type-post","status-publish","format-standard","has-post-thumbnail","hentry","category-uncategorized"],"_links":{"self":[{"href":"https:\/\/suanoticiaaqui.com.br\/news\/wp-json\/wp\/v2\/posts\/6460","targetHints":{"allow":["GET"]}}],"collection":[{"href":"https:\/\/suanoticiaaqui.com.br\/news\/wp-json\/wp\/v2\/posts"}],"about":[{"href":"https:\/\/suanoticiaaqui.com.br\/news\/wp-json\/wp\/v2\/types\/post"}],"author":[{"embeddable":true,"href":"https:\/\/suanoticiaaqui.com.br\/news\/wp-json\/wp\/v2\/users\/1"}],"replies":[{"embeddable":true,"href":"https:\/\/suanoticiaaqui.com.br\/news\/wp-json\/wp\/v2\/comments?post=6460"}],"version-history":[{"count":1,"href":"https:\/\/suanoticiaaqui.com.br\/news\/wp-json\/wp\/v2\/posts\/6460\/revisions"}],"predecessor-version":[{"id":6462,"href":"https:\/\/suanoticiaaqui.com.br\/news\/wp-json\/wp\/v2\/posts\/6460\/revisions\/6462"}],"wp:featuredmedia":[{"embeddable":true,"href":"https:\/\/suanoticiaaqui.com.br\/news\/wp-json\/wp\/v2\/media\/6461"}],"wp:attachment":[{"href":"https:\/\/suanoticiaaqui.com.br\/news\/wp-json\/wp\/v2\/media?parent=6460"}],"wp:term":[{"taxonomy":"category","embeddable":true,"href":"https:\/\/suanoticiaaqui.com.br\/news\/wp-json\/wp\/v2\/categories?post=6460"},{"taxonomy":"post_tag","embeddable":true,"href":"https:\/\/suanoticiaaqui.com.br\/news\/wp-json\/wp\/v2\/tags?post=6460"}],"curies":[{"name":"wp","href":"https:\/\/api.w.org\/{rel}","templated":true}]}}