{"id":6463,"date":"2025-07-04T11:41:44","date_gmt":"2025-07-04T15:41:44","guid":{"rendered":"https:\/\/suanoticiaaqui.com.br\/news\/?p=6463"},"modified":"2025-07-04T11:41:44","modified_gmt":"2025-07-04T15:41:44","slug":"com-apoio-aereo-caminhao-roubado-e-apreendido-com-27t-de-drogas","status":"publish","type":"post","link":"https:\/\/suanoticiaaqui.com.br\/news\/2025\/07\/04\/com-apoio-aereo-caminhao-roubado-e-apreendido-com-27t-de-drogas\/","title":{"rendered":"Com apoio a\u00e9reo, caminh\u00e3o roubado \u00e9 apreendido com 2,7t de drogas"},"content":{"rendered":"\n<ul class=\"wp-block-list\">\n<li>por Luiz Guilherme<\/li>\n<\/ul>\n\n\n\n<p>Com apoio da CGPA (Coordenadoria Geral de Policiamento A\u00e9reo), policiais do DOF (Departamento de Opera\u00e7\u00f5es de Fronteira) apreenderam nesta quinta-feira (3\/7), em Dourados, um caminh\u00e3o ba\u00fa, roubado no Mato Grosso e carregado com mais de 2,7 toneladas de drogas.<\/p>\n\n\n\n<p>O motorista, de 36 anos, e uma mulher de 18, foram presos em flagrante, al\u00e9m de um adolescente de 16, que foi apreendido.<\/p>\n\n\n\n<p>Os policiais faziam bloqueio na MS-156, zona rural do munic\u00edpio, quando deram ordem de parada ao condutor do ve\u00edculo. Durante entrevista, os tr\u00eas apresentaram vers\u00f5es desencontradas e muito nervosismo.<\/p>\n\n\n\n<p>Em vistoria no compartimento de cargas do caminh\u00e3o foram encontrados 2.321 quilos de maconha, 387 quilos de skunk e 50 quilos de haxixe marroquino.<\/p>\n\n\n\n<p>Em checagem aos agregados do autom\u00f3vel, foi constatado que as placas afixadas eram falsas e que o caminh\u00e3o havia sido roubado na cidade de V\u00e1rzea Grande (MT), no m\u00eas passado.<\/p>\n\n\n\n<p>Questionados, os tr\u00eas afirmaram que pegaram as drogas em Coronel Sapucaia e levariam at\u00e9 a cidade de Cuiab\u00e1 (MT) onde cada um receberia R$ 7 mil pelo transporte.<\/p>\n\n\n\n<p>O material apreendido, avaliado em mais de R$ 12,2 milh\u00f5es, foi encaminhado \u00e0 Defron (Delegacia Especializada em Repress\u00e3o aos Crimes de Fronteira) em Dourados.<\/p>\n","protected":false},"excerpt":{"rendered":"<p>Com apoio da CGPA (Coordenadoria Geral de Policiamento A\u00e9reo), policiais do DOF (Departamento de Opera\u00e7\u00f5es de Fronteira) apreenderam nesta quinta-feira&hellip;<\/p>\n","protected":false},"author":1,"featured_media":6464,"comment_status":"open","ping_status":"open","sticky":false,"template":"","format":"standard","meta":{"footnotes":""},"categories":[1],"tags":[],"class_list":["post-6463","post","type-post","status-publish","format-standard","has-post-thumbnail","hentry","category-uncategorized"],"_links":{"self":[{"href":"https:\/\/suanoticiaaqui.com.br\/news\/wp-json\/wp\/v2\/posts\/6463","targetHints":{"allow":["GET"]}}],"collection":[{"href":"https:\/\/suanoticiaaqui.com.br\/news\/wp-json\/wp\/v2\/posts"}],"about":[{"href":"https:\/\/suanoticiaaqui.com.br\/news\/wp-json\/wp\/v2\/types\/post"}],"author":[{"embeddable":true,"href":"https:\/\/suanoticiaaqui.com.br\/news\/wp-json\/wp\/v2\/users\/1"}],"replies":[{"embeddable":true,"href":"https:\/\/suanoticiaaqui.com.br\/news\/wp-json\/wp\/v2\/comments?post=6463"}],"version-history":[{"count":1,"href":"https:\/\/suanoticiaaqui.com.br\/news\/wp-json\/wp\/v2\/posts\/6463\/revisions"}],"predecessor-version":[{"id":6465,"href":"https:\/\/suanoticiaaqui.com.br\/news\/wp-json\/wp\/v2\/posts\/6463\/revisions\/6465"}],"wp:featuredmedia":[{"embeddable":true,"href":"https:\/\/suanoticiaaqui.com.br\/news\/wp-json\/wp\/v2\/media\/6464"}],"wp:attachment":[{"href":"https:\/\/suanoticiaaqui.com.br\/news\/wp-json\/wp\/v2\/media?parent=6463"}],"wp:term":[{"taxonomy":"category","embeddable":true,"href":"https:\/\/suanoticiaaqui.com.br\/news\/wp-json\/wp\/v2\/categories?post=6463"},{"taxonomy":"post_tag","embeddable":true,"href":"https:\/\/suanoticiaaqui.com.br\/news\/wp-json\/wp\/v2\/tags?post=6463"}],"curies":[{"name":"wp","href":"https:\/\/api.w.org\/{rel}","templated":true}]}}