{"id":6466,"date":"2025-07-04T11:42:33","date_gmt":"2025-07-04T15:42:33","guid":{"rendered":"https:\/\/suanoticiaaqui.com.br\/news\/?p=6466"},"modified":"2025-07-04T11:42:33","modified_gmt":"2025-07-04T15:42:33","slug":"dupla-e-presa-por-delivery-de-droga-em-cidade-turistica-de-mato-grosso-do-sul","status":"publish","type":"post","link":"https:\/\/suanoticiaaqui.com.br\/news\/2025\/07\/04\/dupla-e-presa-por-delivery-de-droga-em-cidade-turistica-de-mato-grosso-do-sul\/","title":{"rendered":"Dupla \u00e9 presa por delivery de droga em cidade tur\u00edstica de Mato Grosso do Sul"},"content":{"rendered":"\n<ul class=\"wp-block-list\">\n<li>por Luiz Guilherme<\/li>\n<\/ul>\n\n\n\n<p>Na tarde de ter\u00e7a-feira (2\/7), por volta das 16h, opera\u00e7\u00e3o conjunta entre as pol\u00edcias Civil e Militar em Bonito, resultou na pris\u00e3o de dois indiv\u00edduos por tr\u00e1fico de drogas. A a\u00e7\u00e3o teve como objetivo o cumprimento de mandados de busca e apreens\u00e3o expedidos pelo Poder Judici\u00e1rio.<\/p>\n\n\n\n<p>A opera\u00e7\u00e3o foi iniciada com o monitoramento de um dos alvos, que foi abordado em um estabelecimento comercial na regi\u00e3o da Marambaia. Durante a abordagem, os policiais encontraram 26 por\u00e7\u00f5es de coca\u00edna prontas para venda, escondidas no capacete utilizado pelo suspeito. Al\u00e9m disso, foram localizadas mais duas por\u00e7\u00f5es consider\u00e1veis da droga na carenagem da motocicleta utilizada para o tr\u00e1fico.<\/p>\n\n\n\n<p>O primeiro autor confessou estar envolvido no tr\u00e1fico de drogas e foi conduzido preso em flagrante para a delegacia, onde passou por exame de corpo de delito.<\/p>\n\n\n\n<p>Dando continuidade ao cumprimento dos mandados, as equipes se dirigiram a outros dois endere\u00e7os. Em uma das resid\u00eancias, foi descoberta grande quantidade de maconha acondicionada em um guarda-roupa, incluindo v\u00e1rias embalagens pl\u00e1sticas com por\u00e7\u00f5es prontas para venda e tr\u00eas tabletes grandes da subst\u00e2ncia.<\/p>\n\n\n\n<p>O segundo suspeito, que n\u00e3o estava presente no momento da busca, apresentou-se voluntariamente na delegacia momentos depois, assumindo a propriedade das drogas encontradas em sua resid\u00eancia. Ele foi preso em flagrante por tr\u00e1fico de drogas e associa\u00e7\u00e3o para o tr\u00e1fico.<\/p>\n\n\n\n<p>Ambos os presos passaram por exame de corpo de delito e permanecem \u00e0 disposi\u00e7\u00e3o do Poder Judici\u00e1rio.<\/p>\n","protected":false},"excerpt":{"rendered":"<p>Na tarde de ter\u00e7a-feira (2\/7), por volta das 16h, opera\u00e7\u00e3o conjunta entre as pol\u00edcias Civil e Militar em Bonito, resultou&hellip;<\/p>\n","protected":false},"author":1,"featured_media":6467,"comment_status":"open","ping_status":"open","sticky":false,"template":"","format":"standard","meta":{"footnotes":""},"categories":[1],"tags":[],"class_list":["post-6466","post","type-post","status-publish","format-standard","has-post-thumbnail","hentry","category-uncategorized"],"_links":{"self":[{"href":"https:\/\/suanoticiaaqui.com.br\/news\/wp-json\/wp\/v2\/posts\/6466","targetHints":{"allow":["GET"]}}],"collection":[{"href":"https:\/\/suanoticiaaqui.com.br\/news\/wp-json\/wp\/v2\/posts"}],"about":[{"href":"https:\/\/suanoticiaaqui.com.br\/news\/wp-json\/wp\/v2\/types\/post"}],"author":[{"embeddable":true,"href":"https:\/\/suanoticiaaqui.com.br\/news\/wp-json\/wp\/v2\/users\/1"}],"replies":[{"embeddable":true,"href":"https:\/\/suanoticiaaqui.com.br\/news\/wp-json\/wp\/v2\/comments?post=6466"}],"version-history":[{"count":1,"href":"https:\/\/suanoticiaaqui.com.br\/news\/wp-json\/wp\/v2\/posts\/6466\/revisions"}],"predecessor-version":[{"id":6468,"href":"https:\/\/suanoticiaaqui.com.br\/news\/wp-json\/wp\/v2\/posts\/6466\/revisions\/6468"}],"wp:featuredmedia":[{"embeddable":true,"href":"https:\/\/suanoticiaaqui.com.br\/news\/wp-json\/wp\/v2\/media\/6467"}],"wp:attachment":[{"href":"https:\/\/suanoticiaaqui.com.br\/news\/wp-json\/wp\/v2\/media?parent=6466"}],"wp:term":[{"taxonomy":"category","embeddable":true,"href":"https:\/\/suanoticiaaqui.com.br\/news\/wp-json\/wp\/v2\/categories?post=6466"},{"taxonomy":"post_tag","embeddable":true,"href":"https:\/\/suanoticiaaqui.com.br\/news\/wp-json\/wp\/v2\/tags?post=6466"}],"curies":[{"name":"wp","href":"https:\/\/api.w.org\/{rel}","templated":true}]}}