{"id":6469,"date":"2025-07-04T11:43:22","date_gmt":"2025-07-04T15:43:22","guid":{"rendered":"https:\/\/suanoticiaaqui.com.br\/news\/?p=6469"},"modified":"2025-07-04T11:43:22","modified_gmt":"2025-07-04T15:43:22","slug":"iof-moraes-suspende-decretos-e-determina-audiencia-de-conciliacao","status":"publish","type":"post","link":"https:\/\/suanoticiaaqui.com.br\/news\/2025\/07\/04\/iof-moraes-suspende-decretos-e-determina-audiencia-de-conciliacao\/","title":{"rendered":"IOF: Moraes suspende decretos e determina audi\u00eancia de concilia\u00e7\u00e3o"},"content":{"rendered":"\n<ul class=\"wp-block-list\">\n<li>\u00a0por Ag\u00eancia Brasil<\/li>\n<\/ul>\n\n\n\n<p>O ministro do Supremo Tribunal Federal (STF) Alexandre de Moraes suspendeu nesta sexta-feira (4) os efeitos de decretos da Presid\u00eancia da Rep\u00fablica e do Congresso Nacional que tratam do Imposto sobre Opera\u00e7\u00f5es Financeiras (IOF).<\/p>\n\n\n\n<p>\u201cConcedo a medida cautelar, ad referendum do plen\u00e1rio desta suprema Corte, para suspender os efeitos dos decretos presidenciais 12.466\/2025, 12.467\/2025 e 12.499\/2025, assim como do Decreto Legislativo 176\/2025.\u201d<\/p>\n\n\n\n<p>Na decis\u00e3o, Moraes determina ainda a realiza\u00e7\u00e3o de uma audi\u00eancia de concilia\u00e7\u00e3o entre o governo federal e o Congresso Nacional sobre o tema. A audi\u00eancia est\u00e1 agendada para o dia 15 de julho na sala de audi\u00eancias da Corte, em Bras\u00edlia.<\/p>\n\n\n\n<p>\u201cComunique-se ao presidente da Rep\u00fablica e ao presidente do Congresso Nacional, para ci\u00eancia e cumprimento imediato desta decis\u00e3o, solicitando-lhes informa\u00e7\u00f5es, no prazo de cinco dias.\u201d<\/p>\n\n\n\n<p>Conforme consta na decis\u00e3o, tamb\u00e9m devem participar do encontro a Procuradoria-Geral da Rep\u00fablica (PGR) e a Advocacia-Geral da Uni\u00e3o (AGU). \u201cAp\u00f3s a realiza\u00e7\u00e3o da audi\u00eancia de concilia\u00e7\u00e3o, ser\u00e1 analisada a necessidade de manuten\u00e7\u00e3o da medida liminar concedida\u201d, destacou o ministro.<\/p>\n\n\n\n<p><strong>A decis\u00e3o<\/strong><\/p>\n\n\n\n<p>No documento, Moraes lembra da import\u00e2ncia da harmonia entre os poderes, al\u00e9m da independ\u00eancia entre eles. Tamb\u00e9m cita \u201cfortes argumentos que indicam a exist\u00eancia de razoabilidade na imediata suspens\u00e3o da efic\u00e1cia dos decretos impugnados\u201d.<\/p>\n\n\n\n<p>\u201cInclusive porque esse indesej\u00e1vel embate entre as medidas do Executivo e Legislativo, com sucessivas e reiteradas declara\u00e7\u00f5es antag\u00f4nicas, contraria fortemente o artigo 2\u00ba da Constitui\u00e7\u00e3o Federal que, mais do que determinar a independ\u00eancia dos poderes, exige a harmonia entre eles, como princ\u00edpio b\u00e1sico e inafast\u00e1vel de nosso Estado Democr\u00e1tico de Direito em busca do bem comum para toda a sociedade brasileira.\u201d<\/p>\n\n\n\n<p><strong>Entenda<\/strong><\/p>\n\n\n\n<p>No fim de maio, o presidente Luiz In\u00e1cio Lula da Silva editou decreto que aumentava o IOF para opera\u00e7\u00f5es de cr\u00e9dito, de seguros e de c\u00e2mbio. O documento fazia parte de medidas elaboradas pelo Minist\u00e9rio da Fazenda para refor\u00e7ar as receitas do governo e atender \u00e0s metas do arcabou\u00e7o fiscal.<\/p>\n\n\n\n<p>No in\u00edcio de junho, o governo reverteu parte das eleva\u00e7\u00f5es do IOF, mas editou uma medida provis\u00f3ria (MP) que aumenta outros tributos. Tamb\u00e9m em junho, a derrubada do decreto foi pautada pelo presidente da C\u00e2mara, Hugo Motta. Cerca de duas horas ap\u00f3s ter sido derrubado, o decreto tamb\u00e9m foi rejeitado em vota\u00e7\u00e3o simb\u00f3lica no plen\u00e1rio do Senado Federal.<\/p>\n\n\n\n<p>Na \u00faltima ter\u00e7a-feira (1\u00ba), a Advocacia-Geral da Uni\u00e3o (AGU) protocolou a\u00e7\u00e3o junto ao Supremo Tribunal Federal (STF) no intuito de reverter a derrubada do decreto. Segundo o ministro da AGU, Jorge Messias, a a\u00e7\u00e3o declarat\u00f3ria de constitucionalidade (ADC) foi apresentada ap\u00f3s solicita\u00e7\u00e3o feita por Lula e com base em estudo t\u00e9cnico e jur\u00eddico solicitado ao \u00f3rg\u00e3o na semana anterior.<\/p>\n\n\n\n<p>O ministro Alexandre de Moraes foi escolhido relator da ADC protocolada pela AGU para reconhecer a validade do decreto editado pelo presidente. Moraes vai comandar o caso porque j\u00e1 atua como relator de dois processos que tratam do assunto. As a\u00e7\u00f5es foram protocoladas pelo PL e pelo PSOL. N\u00e3o h\u00e1 data para decis\u00e3o do ministro.<\/p>\n","protected":false},"excerpt":{"rendered":"<p>O ministro do Supremo Tribunal Federal (STF) Alexandre de Moraes suspendeu nesta sexta-feira (4) os efeitos de decretos da Presid\u00eancia&hellip;<\/p>\n","protected":false},"author":1,"featured_media":6470,"comment_status":"open","ping_status":"open","sticky":false,"template":"","format":"standard","meta":{"footnotes":""},"categories":[1],"tags":[],"class_list":["post-6469","post","type-post","status-publish","format-standard","has-post-thumbnail","hentry","category-uncategorized"],"_links":{"self":[{"href":"https:\/\/suanoticiaaqui.com.br\/news\/wp-json\/wp\/v2\/posts\/6469","targetHints":{"allow":["GET"]}}],"collection":[{"href":"https:\/\/suanoticiaaqui.com.br\/news\/wp-json\/wp\/v2\/posts"}],"about":[{"href":"https:\/\/suanoticiaaqui.com.br\/news\/wp-json\/wp\/v2\/types\/post"}],"author":[{"embeddable":true,"href":"https:\/\/suanoticiaaqui.com.br\/news\/wp-json\/wp\/v2\/users\/1"}],"replies":[{"embeddable":true,"href":"https:\/\/suanoticiaaqui.com.br\/news\/wp-json\/wp\/v2\/comments?post=6469"}],"version-history":[{"count":1,"href":"https:\/\/suanoticiaaqui.com.br\/news\/wp-json\/wp\/v2\/posts\/6469\/revisions"}],"predecessor-version":[{"id":6471,"href":"https:\/\/suanoticiaaqui.com.br\/news\/wp-json\/wp\/v2\/posts\/6469\/revisions\/6471"}],"wp:featuredmedia":[{"embeddable":true,"href":"https:\/\/suanoticiaaqui.com.br\/news\/wp-json\/wp\/v2\/media\/6470"}],"wp:attachment":[{"href":"https:\/\/suanoticiaaqui.com.br\/news\/wp-json\/wp\/v2\/media?parent=6469"}],"wp:term":[{"taxonomy":"category","embeddable":true,"href":"https:\/\/suanoticiaaqui.com.br\/news\/wp-json\/wp\/v2\/categories?post=6469"},{"taxonomy":"post_tag","embeddable":true,"href":"https:\/\/suanoticiaaqui.com.br\/news\/wp-json\/wp\/v2\/tags?post=6469"}],"curies":[{"name":"wp","href":"https:\/\/api.w.org\/{rel}","templated":true}]}}