{"id":6472,"date":"2025-07-04T11:44:15","date_gmt":"2025-07-04T15:44:15","guid":{"rendered":"https:\/\/suanoticiaaqui.com.br\/news\/?p=6472"},"modified":"2025-07-04T11:44:15","modified_gmt":"2025-07-04T15:44:15","slug":"idoso-e-encontrado-morto-com-corte-no-pescoco-na-fronteira-com-o-paraguai","status":"publish","type":"post","link":"https:\/\/suanoticiaaqui.com.br\/news\/2025\/07\/04\/idoso-e-encontrado-morto-com-corte-no-pescoco-na-fronteira-com-o-paraguai\/","title":{"rendered":"Idoso \u00e9 encontrado morto com corte no pesco\u00e7o na fronteira com o Paraguai"},"content":{"rendered":"\n<ul class=\"wp-block-list\">\n<li>por Luiz Guilherme<\/li>\n<\/ul>\n\n\n\n<p>Idoso de 76 anos, identificado como Fulg\u00eancio Larangeira, foi encontrado morto na manh\u00e3 desta sexta-feira (4\/7), dentro da resid\u00eancia onde morava, localizada na Rua Rodrigues Alves, no Bairro da Granja, em Ponta Por\u00e3, na fronteira com o Paraguai.<\/p>\n\n\n\n<p>Segundo a pol\u00edcia, o idoso apresenta um corte no pesco\u00e7o, por\u00e9m, ainda n\u00e3o h\u00e1 informa\u00e7\u00f5es sobre as circunst\u00e2ncias da morte.<\/p>\n\n\n\n<p>Legistas da PC (Pol\u00edcia Civil) foram para o local, assim como a PM (Pol\u00edcia Militar) e uma equipe do Corpo de Bombeiros.<\/p>\n\n\n\n<p>A princ\u00edpio, o caso foi registrado na Pol\u00edcia Civil de Ponta Por\u00e3 como \u201cmorte a esclarecer\u201d.<\/p>\n","protected":false},"excerpt":{"rendered":"<p>Idoso de 76 anos, identificado como Fulg\u00eancio Larangeira, foi encontrado morto na manh\u00e3 desta sexta-feira (4\/7), dentro da resid\u00eancia onde&hellip;<\/p>\n","protected":false},"author":1,"featured_media":6473,"comment_status":"open","ping_status":"open","sticky":false,"template":"","format":"standard","meta":{"footnotes":""},"categories":[1],"tags":[],"class_list":["post-6472","post","type-post","status-publish","format-standard","has-post-thumbnail","hentry","category-uncategorized"],"_links":{"self":[{"href":"https:\/\/suanoticiaaqui.com.br\/news\/wp-json\/wp\/v2\/posts\/6472","targetHints":{"allow":["GET"]}}],"collection":[{"href":"https:\/\/suanoticiaaqui.com.br\/news\/wp-json\/wp\/v2\/posts"}],"about":[{"href":"https:\/\/suanoticiaaqui.com.br\/news\/wp-json\/wp\/v2\/types\/post"}],"author":[{"embeddable":true,"href":"https:\/\/suanoticiaaqui.com.br\/news\/wp-json\/wp\/v2\/users\/1"}],"replies":[{"embeddable":true,"href":"https:\/\/suanoticiaaqui.com.br\/news\/wp-json\/wp\/v2\/comments?post=6472"}],"version-history":[{"count":1,"href":"https:\/\/suanoticiaaqui.com.br\/news\/wp-json\/wp\/v2\/posts\/6472\/revisions"}],"predecessor-version":[{"id":6474,"href":"https:\/\/suanoticiaaqui.com.br\/news\/wp-json\/wp\/v2\/posts\/6472\/revisions\/6474"}],"wp:featuredmedia":[{"embeddable":true,"href":"https:\/\/suanoticiaaqui.com.br\/news\/wp-json\/wp\/v2\/media\/6473"}],"wp:attachment":[{"href":"https:\/\/suanoticiaaqui.com.br\/news\/wp-json\/wp\/v2\/media?parent=6472"}],"wp:term":[{"taxonomy":"category","embeddable":true,"href":"https:\/\/suanoticiaaqui.com.br\/news\/wp-json\/wp\/v2\/categories?post=6472"},{"taxonomy":"post_tag","embeddable":true,"href":"https:\/\/suanoticiaaqui.com.br\/news\/wp-json\/wp\/v2\/tags?post=6472"}],"curies":[{"name":"wp","href":"https:\/\/api.w.org\/{rel}","templated":true}]}}