{"id":6478,"date":"2025-07-04T11:46:41","date_gmt":"2025-07-04T15:46:41","guid":{"rendered":"https:\/\/suanoticiaaqui.com.br\/news\/?p=6478"},"modified":"2025-07-04T11:46:41","modified_gmt":"2025-07-04T15:46:41","slug":"jovem-que-matou-a-mae-a-facadas-e-preso-em-dourados-e-diz-estar-arrependido","status":"publish","type":"post","link":"https:\/\/suanoticiaaqui.com.br\/news\/2025\/07\/04\/jovem-que-matou-a-mae-a-facadas-e-preso-em-dourados-e-diz-estar-arrependido\/","title":{"rendered":"Jovem que matou a m\u00e3e a facadas \u00e9 preso em Dourados e diz estar arrependido"},"content":{"rendered":"\n<ul class=\"wp-block-list\">\n<li>\u00a0por Luiz Guilherme e Sidnei Bronka<\/li>\n<\/ul>\n\n\n\n<p>A PM (Pol\u00edcia Militar) prendeu na manh\u00e3 desta sexta-feira (4\/7), em uma casa na Rua Alegrete com S4, no Jardim J\u00f3quei Clube, em Dourados, Alfredo Henrique Oru\u00ea dos Santos, de 21 anos, que assassinou a pr\u00f3pria m\u00e3e, Michelly Rios Midon Oru\u00ea, de 47, com cinco facadas, nesta quinta (3\/7), em Gl\u00f3ria de Dourados.<\/p>\n\n\n\n<p>Ele foi levado para a Depac (Delegacia de Pronto Atendimento Comunit\u00e1rio) e ao ser questionado pela reportagem se matou a m\u00e3e, o rapaz n\u00e3o respondeu, mas afirmou estar arrependido.<\/p>\n\n\n\n<p>A pris\u00e3o de Alfredo aconteceu enquanto uma equipe da R\u00e1dio Patrulha realizava policiamento pelo bairro e viu o carro Renault Logan, branco, usado pelo autor para fugir. Ele estava em um im\u00f3vel usado, segundo a pol\u00edcia, como ponto de encontro de usu\u00e1rios de droga.<\/p>\n\n\n\n<p>Alfredo Henrique estava dormindo.<\/p>\n\n\n\n<p>Conforme noticiado mais cedo, o crime de feminic\u00eddio, o 18\u00ba do ano em Mato Grosso do Sul, ocorreu em Gl\u00f3ria de Dourados, possivelmente na manh\u00e3 de ontem. Desde meio-dia, parentes e amigos n\u00e3o conseguiam falar com Michelly at\u00e9 que foram at\u00e9 a casa e encontraram o corpo no fundo do quintal.<\/p>\n\n\n\n<p>Desde o primeiro momento, Alfredo Henrique foi considerado o \u00fanico suspeito. Testemunhas afirmaram que ele \u00e9 usu\u00e1rio de drogas. Ele e a m\u00e3e estavam sozinhos na casa. O marido de Michelly trabalhava fora da cidade.<\/p>\n","protected":false},"excerpt":{"rendered":"<p>A PM (Pol\u00edcia Militar) prendeu na manh\u00e3 desta sexta-feira (4\/7), em uma casa na Rua Alegrete com S4, no Jardim&hellip;<\/p>\n","protected":false},"author":1,"featured_media":6479,"comment_status":"open","ping_status":"open","sticky":false,"template":"","format":"standard","meta":{"footnotes":""},"categories":[1],"tags":[],"class_list":["post-6478","post","type-post","status-publish","format-standard","has-post-thumbnail","hentry","category-uncategorized"],"_links":{"self":[{"href":"https:\/\/suanoticiaaqui.com.br\/news\/wp-json\/wp\/v2\/posts\/6478","targetHints":{"allow":["GET"]}}],"collection":[{"href":"https:\/\/suanoticiaaqui.com.br\/news\/wp-json\/wp\/v2\/posts"}],"about":[{"href":"https:\/\/suanoticiaaqui.com.br\/news\/wp-json\/wp\/v2\/types\/post"}],"author":[{"embeddable":true,"href":"https:\/\/suanoticiaaqui.com.br\/news\/wp-json\/wp\/v2\/users\/1"}],"replies":[{"embeddable":true,"href":"https:\/\/suanoticiaaqui.com.br\/news\/wp-json\/wp\/v2\/comments?post=6478"}],"version-history":[{"count":1,"href":"https:\/\/suanoticiaaqui.com.br\/news\/wp-json\/wp\/v2\/posts\/6478\/revisions"}],"predecessor-version":[{"id":6480,"href":"https:\/\/suanoticiaaqui.com.br\/news\/wp-json\/wp\/v2\/posts\/6478\/revisions\/6480"}],"wp:featuredmedia":[{"embeddable":true,"href":"https:\/\/suanoticiaaqui.com.br\/news\/wp-json\/wp\/v2\/media\/6479"}],"wp:attachment":[{"href":"https:\/\/suanoticiaaqui.com.br\/news\/wp-json\/wp\/v2\/media?parent=6478"}],"wp:term":[{"taxonomy":"category","embeddable":true,"href":"https:\/\/suanoticiaaqui.com.br\/news\/wp-json\/wp\/v2\/categories?post=6478"},{"taxonomy":"post_tag","embeddable":true,"href":"https:\/\/suanoticiaaqui.com.br\/news\/wp-json\/wp\/v2\/tags?post=6478"}],"curies":[{"name":"wp","href":"https:\/\/api.w.org\/{rel}","templated":true}]}}