{"id":6481,"date":"2025-07-04T11:47:57","date_gmt":"2025-07-04T15:47:57","guid":{"rendered":"https:\/\/suanoticiaaqui.com.br\/news\/?p=6481"},"modified":"2025-07-04T11:47:57","modified_gmt":"2025-07-04T15:47:57","slug":"carro-entrega-paradeiro-e-jovem-que-matou-a-mae-dormia-no-momento-da-prisao","status":"publish","type":"post","link":"https:\/\/suanoticiaaqui.com.br\/news\/2025\/07\/04\/carro-entrega-paradeiro-e-jovem-que-matou-a-mae-dormia-no-momento-da-prisao\/","title":{"rendered":"Carro entrega paradeiro e jovem que matou a m\u00e3e dormia no momento da pris\u00e3o"},"content":{"rendered":"\n<p>Por\u00a0<strong>Cristina Nunes<\/strong><\/p>\n\n\n\n<p>Alfredo Henrique Oru\u00ea dos Santos, de 21 anos, acusado de assassinar a pr\u00f3pria m\u00e3e, Michelly Rios Midon Oru\u00ea, de 47, foi preso na manh\u00e3 desta sexta-feira (4) em Dourados, durante uma a\u00e7\u00e3o do 3\u00ba Batalh\u00e3o da Pol\u00edcia Militar.&nbsp;<\/p>\n\n\n\n<p>Ele foi localizado dormindo em uma resid\u00eancia na regi\u00e3o do J\u00f3quei Clube, conhecida por ser ponto de uso e tr\u00e1fico de drogas.<br>A pris\u00e3o ocorreu menos de 24 horas ap\u00f3s o crime, registrado na tarde de quinta-feira (3), em Gl\u00f3ria de Dourados.<\/p>\n\n\n\n<p>Em coletiva concedida \u00e0 imprensa, o tenente Luiz Eduardo Buchmann Kettenhuber, que participou da opera\u00e7\u00e3o, detalhou as circunst\u00e2ncias que levaram \u00e0 pris\u00e3o do suspeito.&nbsp;<\/p>\n\n\n\n<p>Segundo ele, durante patrulhamento preventivo, uma equipe da PM avistou o ve\u00edculo Renault Logan branco utilizado por Alfredo para fugir do local do crime. O carro estava estacionado em uma \u00e1rea j\u00e1 conhecida da pol\u00edcia por atividades ligadas ao tr\u00e1fico de drogas.<\/p>\n\n\n\n<p>\u201cA guarni\u00e7\u00e3o identificou o ve\u00edculo e suspeitou que ele pudesse estar por ali. Pr\u00f3ximo ao carro havia uma resid\u00eancia que j\u00e1 \u00e9 conhecida como ponto de uso de entorpecentes. Um indiv\u00edduo saiu do im\u00f3vel e a equipe suspeitou que o autor pudesse estar l\u00e1 dentro\u201d, relatou o tenente.<\/p>\n\n\n\n<p>Diante da suspeita, os policiais entraram no im\u00f3vel e localizaram Alfredo dormindo em um dos quartos. \u201cJ\u00e1 sab\u00edamos que era ele e demos voz de pris\u00e3o imediatamente. Ele n\u00e3o esbo\u00e7ou rea\u00e7\u00e3o\u201d, completou Kettenhuber.<\/p>\n\n\n\n<p>Durante a condu\u00e7\u00e3o \u00e0 delegacia, o acusado permaneceu em sil\u00eancio. Questionado por jornalistas, Alfredo optou por n\u00e3o responder.<br>\u201cEle n\u00e3o confessou e, at\u00e9 o momento, n\u00e3o declarou nada. A Pol\u00edcia Civil de Gl\u00f3ria de Dourados j\u00e1 foi acionada e est\u00e1 vindo a Dourados para dar continuidade \u00e0s investiga\u00e7\u00f5es\u201d, explicou o tenente.<\/p>\n\n\n\n<p>A motiva\u00e7\u00e3o do crime ainda n\u00e3o foi oficialmente confirmada, mas familiares relataram \u00e0 pol\u00edcia que o jovem era usu\u00e1rio de drogas e apresentava comportamento agressivo.&nbsp;<\/p>\n\n\n\n<p>Michelly foi encontrada morta por parentes, ap\u00f3s passarem o dia tentando contato sem sucesso. O marido da v\u00edtima, que estava fora da cidade a trabalho, n\u00e3o estava na resid\u00eancia no momento do crime.<\/p>\n\n\n\n<p>Alfredo Henrique deve ser ouvido formalmente nas pr\u00f3ximas horas pela Pol\u00edcia Civil.<br>&nbsp;<\/p>\n","protected":false},"excerpt":{"rendered":"<p>Por\u00a0Cristina Nunes Alfredo Henrique Oru\u00ea dos Santos, de 21 anos, acusado de assassinar a pr\u00f3pria m\u00e3e, Michelly Rios Midon Oru\u00ea,&hellip;<\/p>\n","protected":false},"author":1,"featured_media":6482,"comment_status":"open","ping_status":"open","sticky":false,"template":"","format":"standard","meta":{"footnotes":""},"categories":[1],"tags":[],"class_list":["post-6481","post","type-post","status-publish","format-standard","has-post-thumbnail","hentry","category-uncategorized"],"_links":{"self":[{"href":"https:\/\/suanoticiaaqui.com.br\/news\/wp-json\/wp\/v2\/posts\/6481","targetHints":{"allow":["GET"]}}],"collection":[{"href":"https:\/\/suanoticiaaqui.com.br\/news\/wp-json\/wp\/v2\/posts"}],"about":[{"href":"https:\/\/suanoticiaaqui.com.br\/news\/wp-json\/wp\/v2\/types\/post"}],"author":[{"embeddable":true,"href":"https:\/\/suanoticiaaqui.com.br\/news\/wp-json\/wp\/v2\/users\/1"}],"replies":[{"embeddable":true,"href":"https:\/\/suanoticiaaqui.com.br\/news\/wp-json\/wp\/v2\/comments?post=6481"}],"version-history":[{"count":1,"href":"https:\/\/suanoticiaaqui.com.br\/news\/wp-json\/wp\/v2\/posts\/6481\/revisions"}],"predecessor-version":[{"id":6483,"href":"https:\/\/suanoticiaaqui.com.br\/news\/wp-json\/wp\/v2\/posts\/6481\/revisions\/6483"}],"wp:featuredmedia":[{"embeddable":true,"href":"https:\/\/suanoticiaaqui.com.br\/news\/wp-json\/wp\/v2\/media\/6482"}],"wp:attachment":[{"href":"https:\/\/suanoticiaaqui.com.br\/news\/wp-json\/wp\/v2\/media?parent=6481"}],"wp:term":[{"taxonomy":"category","embeddable":true,"href":"https:\/\/suanoticiaaqui.com.br\/news\/wp-json\/wp\/v2\/categories?post=6481"},{"taxonomy":"post_tag","embeddable":true,"href":"https:\/\/suanoticiaaqui.com.br\/news\/wp-json\/wp\/v2\/tags?post=6481"}],"curies":[{"name":"wp","href":"https:\/\/api.w.org\/{rel}","templated":true}]}}