{"id":6530,"date":"2025-07-08T13:26:36","date_gmt":"2025-07-08T17:26:36","guid":{"rendered":"https:\/\/suanoticiaaqui.com.br\/news\/?p=6530"},"modified":"2025-07-08T13:26:36","modified_gmt":"2025-07-08T17:26:36","slug":"crianca-com-diagnostico-de-autismo-sai-de-casa-sozinha-e-e-encontrada-morta","status":"publish","type":"post","link":"https:\/\/suanoticiaaqui.com.br\/news\/2025\/07\/08\/crianca-com-diagnostico-de-autismo-sai-de-casa-sozinha-e-e-encontrada-morta\/","title":{"rendered":"Crian\u00e7a com diagn\u00f3stico de autismo sai de casa sozinha e \u00e9 encontrada morta"},"content":{"rendered":"\n<ul class=\"wp-block-list\">\n<li>por Luiz Guilherme<\/li>\n<\/ul>\n\n\n\n<p>Na noite desta segunda-feira (7\/7), menino de 11 anos foi encontrado morto em uma lagoa nos fundos de um frigor\u00edfico na Rua Andr\u00e9 Lyer, em Nova Andradina.<\/p>\n\n\n\n<p>Segundo o site Nova News, a crian\u00e7a saiu de casa sozinho, pela manh\u00e3, e estava desaparecido desde ent\u00e3o. Diagnosticado com TEA (Transtorno do Espectro Autista) e com dificuldades na fala, o garoto foi visto pela \u00faltima vez por volta das 6h.<\/p>\n\n\n\n<p>C\u00e2meras de seguran\u00e7a da casa, no Bairro S\u00e3o Vicente, registraram o momento em que ele saiu sozinho, vestindo blusa vermelha, short xadrez e descal\u00e7o.<\/p>\n\n\n\n<p>Por volta das 17h, a PC (Pol\u00edcia Civil) foi informada do desaparecimento e acionou o Corpo de Bombeiros para ajudar nas buscas. No in\u00edcio da noite, moradores encontraram as roupas do menino perto da \u00e1gua, as equipes foram para o local e \u00e0s 19h localizaram o corpo.<\/p>\n\n\n\n<p>A per\u00edcia foi acionada e a fam\u00edlia, comunicada. Conforme o delegado Caio Bicalho, da SIG (Setor de Investiga\u00e7\u00f5es Gerais), a an\u00e1lise preliminar aponta afogamento, sem sinais de viol\u00eancia ou les\u00f5es no corpo. Um inqu\u00e9rito ser\u00e1 instaurado e os exames periciais v\u00e3o confirmar a causa da morte.<\/p>\n","protected":false},"excerpt":{"rendered":"<p>Na noite desta segunda-feira (7\/7), menino de 11 anos foi encontrado morto em uma lagoa nos fundos de um frigor\u00edfico&hellip;<\/p>\n","protected":false},"author":1,"featured_media":6531,"comment_status":"open","ping_status":"open","sticky":false,"template":"","format":"standard","meta":{"footnotes":""},"categories":[1],"tags":[],"class_list":["post-6530","post","type-post","status-publish","format-standard","has-post-thumbnail","hentry","category-uncategorized"],"_links":{"self":[{"href":"https:\/\/suanoticiaaqui.com.br\/news\/wp-json\/wp\/v2\/posts\/6530","targetHints":{"allow":["GET"]}}],"collection":[{"href":"https:\/\/suanoticiaaqui.com.br\/news\/wp-json\/wp\/v2\/posts"}],"about":[{"href":"https:\/\/suanoticiaaqui.com.br\/news\/wp-json\/wp\/v2\/types\/post"}],"author":[{"embeddable":true,"href":"https:\/\/suanoticiaaqui.com.br\/news\/wp-json\/wp\/v2\/users\/1"}],"replies":[{"embeddable":true,"href":"https:\/\/suanoticiaaqui.com.br\/news\/wp-json\/wp\/v2\/comments?post=6530"}],"version-history":[{"count":1,"href":"https:\/\/suanoticiaaqui.com.br\/news\/wp-json\/wp\/v2\/posts\/6530\/revisions"}],"predecessor-version":[{"id":6532,"href":"https:\/\/suanoticiaaqui.com.br\/news\/wp-json\/wp\/v2\/posts\/6530\/revisions\/6532"}],"wp:featuredmedia":[{"embeddable":true,"href":"https:\/\/suanoticiaaqui.com.br\/news\/wp-json\/wp\/v2\/media\/6531"}],"wp:attachment":[{"href":"https:\/\/suanoticiaaqui.com.br\/news\/wp-json\/wp\/v2\/media?parent=6530"}],"wp:term":[{"taxonomy":"category","embeddable":true,"href":"https:\/\/suanoticiaaqui.com.br\/news\/wp-json\/wp\/v2\/categories?post=6530"},{"taxonomy":"post_tag","embeddable":true,"href":"https:\/\/suanoticiaaqui.com.br\/news\/wp-json\/wp\/v2\/tags?post=6530"}],"curies":[{"name":"wp","href":"https:\/\/api.w.org\/{rel}","templated":true}]}}