{"id":6533,"date":"2025-07-08T13:28:38","date_gmt":"2025-07-08T17:28:38","guid":{"rendered":"https:\/\/suanoticiaaqui.com.br\/news\/?p=6533"},"modified":"2025-07-08T13:28:38","modified_gmt":"2025-07-08T17:28:38","slug":"foragido-criminoso-morre-durante-confronto-com-a-policia-na-fronteira","status":"publish","type":"post","link":"https:\/\/suanoticiaaqui.com.br\/news\/2025\/07\/08\/foragido-criminoso-morre-durante-confronto-com-a-policia-na-fronteira\/","title":{"rendered":"Foragido, criminoso morre durante confronto com a pol\u00edcia na fronteira"},"content":{"rendered":"\n<ul class=\"wp-block-list\">\n<li>por Luiz Guilherme<\/li>\n<\/ul>\n\n\n\n<p>Graziano Henrique Corr\u00eaa, de 39 anos, foragido h\u00e1 12 anos, morreu nesta segunda-feira (7\/7), ao entrar em confronto com policiais do 4\u00baBPM (Batalh\u00e3o de Pol\u00edcia Militar) e do SIG (Setor de Investiga\u00e7\u00f5es Gerais) de Ponta Por\u00e3, na fronteira com o Paraguai.<\/p>\n\n\n\n<p>Considerado de alta periculosidade, o criminoso era investigado por uma s\u00e9rie de roubos recentes na cidade, tr\u00e1fico de drogas, homic\u00eddio, porte ilegal de arma de fogo, recepta\u00e7\u00e3o e fuga de pres\u00eddio no estado de Minas Gerais.<\/p>\n\n\n\n<p>Al\u00e9m disso, ele estava foragido desde 12 de maio, quando conseguiu escapar da 1\u00aaDP (Delegacia de Pol\u00edcia) juntamente com os criminosos Marcos Helman de Alc\u00e2ntara e Israel Pereira Souza.<\/p>\n\n\n\n<p>Segundo a Pol\u00edcia Militar, Graziano foi localizado escondido nos fundos de um im\u00f3vel desativado, que anteriormente funcionava como lava-jato. No momento da chegada das equipes ao local, uma mulher foi avistada na \u00e1rea externa e, por quest\u00f5es de seguran\u00e7a, foi prontamente abordada e retirada da zona de risco.<\/p>\n\n\n\n<p>Com o per\u00edmetro controlado, os policiais iniciaram a incurs\u00e3o t\u00e1tica ao im\u00f3vel. Durante o ingresso ao c\u00f4modo onde o foragido estava escondido, Graziano sacou um rev\u00f3lver calibre .38 debaixo de um colch\u00e3o e apontou a arma contra os agentes, que reagiram com disparos de pistola calibre nove mil\u00edmetros, neutralizando a agress\u00e3o, antes que fosse poss\u00edvel os disparos por parte do autor.<\/p>\n\n\n\n<p>O autor foi desarmado e socorrido imediatamente, sendo encaminhado ao HR (Hospital Regional) de Ponta Por\u00e3, por\u00e9m, n\u00e3o resistiu aos ferimentos.<\/p>\n\n\n\n<p>A arma utilizada pelo agressor foi apreendida e a cena do confronto preservada at\u00e9 a chegada da Pol\u00edcia Cient\u00edfica, que realizou os procedimentos periciais. O caso foi registrado como resist\u00eancia, porte ilegal de arma de fogo, homic\u00eddio na forma tentada e homic\u00eddio por interven\u00e7\u00e3o legal do estado.<\/p>\n","protected":false},"excerpt":{"rendered":"<p>Graziano Henrique Corr\u00eaa, de 39 anos, foragido h\u00e1 12 anos, morreu nesta segunda-feira (7\/7), ao entrar em confronto com policiais&hellip;<\/p>\n","protected":false},"author":1,"featured_media":6534,"comment_status":"open","ping_status":"open","sticky":false,"template":"","format":"standard","meta":{"footnotes":""},"categories":[1],"tags":[],"class_list":["post-6533","post","type-post","status-publish","format-standard","has-post-thumbnail","hentry","category-uncategorized"],"_links":{"self":[{"href":"https:\/\/suanoticiaaqui.com.br\/news\/wp-json\/wp\/v2\/posts\/6533","targetHints":{"allow":["GET"]}}],"collection":[{"href":"https:\/\/suanoticiaaqui.com.br\/news\/wp-json\/wp\/v2\/posts"}],"about":[{"href":"https:\/\/suanoticiaaqui.com.br\/news\/wp-json\/wp\/v2\/types\/post"}],"author":[{"embeddable":true,"href":"https:\/\/suanoticiaaqui.com.br\/news\/wp-json\/wp\/v2\/users\/1"}],"replies":[{"embeddable":true,"href":"https:\/\/suanoticiaaqui.com.br\/news\/wp-json\/wp\/v2\/comments?post=6533"}],"version-history":[{"count":1,"href":"https:\/\/suanoticiaaqui.com.br\/news\/wp-json\/wp\/v2\/posts\/6533\/revisions"}],"predecessor-version":[{"id":6535,"href":"https:\/\/suanoticiaaqui.com.br\/news\/wp-json\/wp\/v2\/posts\/6533\/revisions\/6535"}],"wp:featuredmedia":[{"embeddable":true,"href":"https:\/\/suanoticiaaqui.com.br\/news\/wp-json\/wp\/v2\/media\/6534"}],"wp:attachment":[{"href":"https:\/\/suanoticiaaqui.com.br\/news\/wp-json\/wp\/v2\/media?parent=6533"}],"wp:term":[{"taxonomy":"category","embeddable":true,"href":"https:\/\/suanoticiaaqui.com.br\/news\/wp-json\/wp\/v2\/categories?post=6533"},{"taxonomy":"post_tag","embeddable":true,"href":"https:\/\/suanoticiaaqui.com.br\/news\/wp-json\/wp\/v2\/tags?post=6533"}],"curies":[{"name":"wp","href":"https:\/\/api.w.org\/{rel}","templated":true}]}}