{"id":6536,"date":"2025-07-08T13:29:46","date_gmt":"2025-07-08T17:29:46","guid":{"rendered":"https:\/\/suanoticiaaqui.com.br\/news\/?p=6536"},"modified":"2025-07-08T13:29:46","modified_gmt":"2025-07-08T17:29:46","slug":"com-2-sessoes-no-mesmo-dia-vereadores-aprovam-ldo-e-iniciam-recesso-parlamentar","status":"publish","type":"post","link":"https:\/\/suanoticiaaqui.com.br\/news\/2025\/07\/08\/com-2-sessoes-no-mesmo-dia-vereadores-aprovam-ldo-e-iniciam-recesso-parlamentar\/","title":{"rendered":"Com 2 sess\u00f5es no mesmo dia, vereadores aprovam LDO e iniciam recesso parlamentar"},"content":{"rendered":"\n<ul class=\"wp-block-list\">\n<li>\u00a0por Ligado na Noticia<\/li>\n<\/ul>\n\n\n\n<p>A C\u00e2mara de Dourados realizou nesta segunda-feira (7) duas sess\u00f5es ordin\u00e1rias, a 23\u00aa e a 24\u00aa, e inicia, nesta ter\u00e7a (8), o recesso parlamentar de 13 dias, conforme previsto no Regimento Interno da Casa de Leis. Entre indica\u00e7\u00f5es, requerimentos e projetos de lei, os vereadores aprovaram, em segunda e terceira vota\u00e7\u00e3o, o Projeto de Lei n\u00ba 051\/2025, de autoria do Poder Executivo, que disp\u00f5e sobre a LDO (Lei de Diretrizes Or\u00e7ament\u00e1rias) para o exerc\u00edcio 2026.<\/p>\n\n\n\n<p>O PL fixa diretrizes para a pe\u00e7a or\u00e7ament\u00e1ria, detalhando despesas do munic\u00edpio para o pr\u00f3ximo ano. A LDO \u00e9 usada para estabelecer metas da administra\u00e7\u00e3o p\u00fablica e como base para elaborar o or\u00e7amento, que \u00e9 definido por meio da LOA (Lei Or\u00e7ament\u00e1ria Anual). Com a aprova\u00e7\u00e3o, a proposta segue para san\u00e7\u00e3o ou veto do prefeito. O montante consolidado do or\u00e7amento ser\u00e1 encaminhado em outro projeto de lei do Executivo, baseado nessas diretrizes definidas, o qual deve chegar \u00e0 Casa de Leis at\u00e9 15 de outubro.<\/p>\n\n\n\n<p>A 23\u00aa sess\u00e3o ordin\u00e1ria foi aberta com a utiliza\u00e7\u00e3o do espa\u00e7o Tribuna Livre, pela psicopedagoga Elaine Ubirajara da Silva de Jesus, representante do Sindicato Nacional de Psicopedagogos, que falou aos vereadores e p\u00fablico presente sobre o PL 116\/2024, que tramita desde o ano passado no Congresso Nacional e disp\u00f5e sobre o reconhecimento da psicopedagogia na educa\u00e7\u00e3o e sa\u00fade.<\/p>\n\n\n\n<p><strong>Ordem do Dia<\/strong><\/p>\n\n\n\n<p>Al\u00e9m do projeto que trata da LDO, na ordem do dia da 23\u00aa sess\u00e3o do ano, os vereadores de Dourados aprovaram, em segunda vota\u00e7\u00e3o, o Projeto de Lei Complementar n\u00ba 014\/2025, de autoria do vereador Cemar Arnal (PP), que altera o anexo V \u2013 sistema vi\u00e1rio da Lei Complementar 205, de 19 de outubro de 2012, que disp\u00f5e sobre zoneamento, uso e ocupa\u00e7\u00e3o do solo e o sistema vi\u00e1rio do Munic\u00edpio de Dourados e d\u00e1 outras provid\u00eancias; o Projeto de Lei n\u00ba 091\/2025, de autoria do vereador Laudir Munaretto (MDB), que denomina Ant\u00f4nio Ribeiro da Silva o logradouro p\u00fablico atualmente identificado como Corredor P\u00fablico 04 OF, localizada no Loteamento Sitioca Ouro Fino;<\/p>\n\n\n\n<p>e o Projeto de Lei n\u00ba 094\/2025, de autoria do vereador Daniel Junior (PP), que declara utilidade p\u00fablica o Instituto AYDE de Comunica\u00e7\u00e3o de Dourados, com sede no Munic\u00edpio de Dourados.<\/p>\n\n\n\n<p><strong>Recesso<\/strong><\/p>\n\n\n\n<p>A partir desta ter\u00e7a-feira (8) at\u00e9 o dia 21, a C\u00e2mara estar\u00e1 em recesso parlamentar. Os vereadores retomam os trabalhos em plen\u00e1rio no dia 28 de julho, com a realiza\u00e7\u00e3o da 25\u00aa sess\u00e3o ordin\u00e1ria. Neste per\u00edodo, o atendimento ao p\u00fablico segue normalmente, com expediente das 7h \u00e0s 13h, de segunda a sexta-feira.<\/p>\n","protected":false},"excerpt":{"rendered":"<p>A C\u00e2mara de Dourados realizou nesta segunda-feira (7) duas sess\u00f5es ordin\u00e1rias, a 23\u00aa e a 24\u00aa, e inicia, nesta ter\u00e7a&hellip;<\/p>\n","protected":false},"author":1,"featured_media":6537,"comment_status":"open","ping_status":"open","sticky":false,"template":"","format":"standard","meta":{"footnotes":""},"categories":[1],"tags":[],"class_list":["post-6536","post","type-post","status-publish","format-standard","has-post-thumbnail","hentry","category-uncategorized"],"_links":{"self":[{"href":"https:\/\/suanoticiaaqui.com.br\/news\/wp-json\/wp\/v2\/posts\/6536","targetHints":{"allow":["GET"]}}],"collection":[{"href":"https:\/\/suanoticiaaqui.com.br\/news\/wp-json\/wp\/v2\/posts"}],"about":[{"href":"https:\/\/suanoticiaaqui.com.br\/news\/wp-json\/wp\/v2\/types\/post"}],"author":[{"embeddable":true,"href":"https:\/\/suanoticiaaqui.com.br\/news\/wp-json\/wp\/v2\/users\/1"}],"replies":[{"embeddable":true,"href":"https:\/\/suanoticiaaqui.com.br\/news\/wp-json\/wp\/v2\/comments?post=6536"}],"version-history":[{"count":1,"href":"https:\/\/suanoticiaaqui.com.br\/news\/wp-json\/wp\/v2\/posts\/6536\/revisions"}],"predecessor-version":[{"id":6538,"href":"https:\/\/suanoticiaaqui.com.br\/news\/wp-json\/wp\/v2\/posts\/6536\/revisions\/6538"}],"wp:featuredmedia":[{"embeddable":true,"href":"https:\/\/suanoticiaaqui.com.br\/news\/wp-json\/wp\/v2\/media\/6537"}],"wp:attachment":[{"href":"https:\/\/suanoticiaaqui.com.br\/news\/wp-json\/wp\/v2\/media?parent=6536"}],"wp:term":[{"taxonomy":"category","embeddable":true,"href":"https:\/\/suanoticiaaqui.com.br\/news\/wp-json\/wp\/v2\/categories?post=6536"},{"taxonomy":"post_tag","embeddable":true,"href":"https:\/\/suanoticiaaqui.com.br\/news\/wp-json\/wp\/v2\/tags?post=6536"}],"curies":[{"name":"wp","href":"https:\/\/api.w.org\/{rel}","templated":true}]}}