{"id":6539,"date":"2025-07-08T13:31:19","date_gmt":"2025-07-08T17:31:19","guid":{"rendered":"https:\/\/suanoticiaaqui.com.br\/news\/?p=6539"},"modified":"2025-07-08T13:31:19","modified_gmt":"2025-07-08T17:31:19","slug":"apos-20-anos-homem-e-preso-por-homicidio-na-fronteira-de-ms","status":"publish","type":"post","link":"https:\/\/suanoticiaaqui.com.br\/news\/2025\/07\/08\/apos-20-anos-homem-e-preso-por-homicidio-na-fronteira-de-ms\/","title":{"rendered":"Ap\u00f3s 20 anos, homem \u00e9 preso por homic\u00eddio na fronteira de MS"},"content":{"rendered":"\n<ul class=\"wp-block-list\">\n<li>\u00a0por Ligado na Noticia<\/li>\n<\/ul>\n\n\n\n<p>A Pol\u00edcia Civil de F\u00e1tima do Sul prendeu na tarde de domingo (6), um homem de 37 anos que estava foragido da Justi\u00e7a h\u00e1 quase duas d\u00e9cadas. Contra ele havia um mandado de pris\u00e3o preventiva expedido pela 1\u00aa Vara Criminal da Comarca de Ponta Por\u00e3, em decorr\u00eancia de um homic\u00eddio qualificado e uma tentativa de homic\u00eddio ocorridos em 2007.<\/p>\n\n\n\n<p>A captura do suspeito ocorreu ap\u00f3s uma den\u00fancia an\u00f4nima encaminhada \u00e0 1\u00aa Delegacia de Pol\u00edcia Civil de F\u00e1tima do Sul. Com base nas informa\u00e7\u00f5es recebidas, os agentes realizaram dilig\u00eancias e conseguiram localizar o indiv\u00edduo, que foi preso sem apresentar resist\u00eancia.<\/p>\n\n\n\n<p>De acordo com os autos do processo, o crime ocorreu em Ponta Por\u00e3, quando o acusado efetuou diversos disparos de arma de fogo contra duas pessoas. Uma das v\u00edtimas morreu no local; a outra sobreviveu, mas apenas por circunst\u00e2ncias alheias \u00e0 vontade do agressor. O crime foi classificado como homic\u00eddio qualificado por ter sido praticado com recurso que dificultou a defesa das v\u00edtimas, em a\u00e7\u00e3o s\u00fabita e violenta.<\/p>\n\n\n\n<p>O detido foi encaminhado \u00e0 carceragem da delegacia de F\u00e1tima do Sul, onde permanece \u00e0 disposi\u00e7\u00e3o da Justi\u00e7a.<\/p>\n","protected":false},"excerpt":{"rendered":"<p>A Pol\u00edcia Civil de F\u00e1tima do Sul prendeu na tarde de domingo (6), um homem de 37 anos que estava&hellip;<\/p>\n","protected":false},"author":1,"featured_media":6540,"comment_status":"open","ping_status":"open","sticky":false,"template":"","format":"standard","meta":{"footnotes":""},"categories":[1],"tags":[],"class_list":["post-6539","post","type-post","status-publish","format-standard","has-post-thumbnail","hentry","category-uncategorized"],"_links":{"self":[{"href":"https:\/\/suanoticiaaqui.com.br\/news\/wp-json\/wp\/v2\/posts\/6539","targetHints":{"allow":["GET"]}}],"collection":[{"href":"https:\/\/suanoticiaaqui.com.br\/news\/wp-json\/wp\/v2\/posts"}],"about":[{"href":"https:\/\/suanoticiaaqui.com.br\/news\/wp-json\/wp\/v2\/types\/post"}],"author":[{"embeddable":true,"href":"https:\/\/suanoticiaaqui.com.br\/news\/wp-json\/wp\/v2\/users\/1"}],"replies":[{"embeddable":true,"href":"https:\/\/suanoticiaaqui.com.br\/news\/wp-json\/wp\/v2\/comments?post=6539"}],"version-history":[{"count":1,"href":"https:\/\/suanoticiaaqui.com.br\/news\/wp-json\/wp\/v2\/posts\/6539\/revisions"}],"predecessor-version":[{"id":6541,"href":"https:\/\/suanoticiaaqui.com.br\/news\/wp-json\/wp\/v2\/posts\/6539\/revisions\/6541"}],"wp:featuredmedia":[{"embeddable":true,"href":"https:\/\/suanoticiaaqui.com.br\/news\/wp-json\/wp\/v2\/media\/6540"}],"wp:attachment":[{"href":"https:\/\/suanoticiaaqui.com.br\/news\/wp-json\/wp\/v2\/media?parent=6539"}],"wp:term":[{"taxonomy":"category","embeddable":true,"href":"https:\/\/suanoticiaaqui.com.br\/news\/wp-json\/wp\/v2\/categories?post=6539"},{"taxonomy":"post_tag","embeddable":true,"href":"https:\/\/suanoticiaaqui.com.br\/news\/wp-json\/wp\/v2\/tags?post=6539"}],"curies":[{"name":"wp","href":"https:\/\/api.w.org\/{rel}","templated":true}]}}