{"id":6545,"date":"2025-07-08T13:33:58","date_gmt":"2025-07-08T17:33:58","guid":{"rendered":"https:\/\/suanoticiaaqui.com.br\/news\/?p=6545"},"modified":"2025-07-08T13:33:58","modified_gmt":"2025-07-08T17:33:58","slug":"condenado-do-semiaberto-por-trafico-e-flagrado-com-drogas-nas-nadegas-em-dourados","status":"publish","type":"post","link":"https:\/\/suanoticiaaqui.com.br\/news\/2025\/07\/08\/condenado-do-semiaberto-por-trafico-e-flagrado-com-drogas-nas-nadegas-em-dourados\/","title":{"rendered":"Condenado do semiaberto por tr\u00e1fico \u00e9 flagrado com drogas nas n\u00e1degas em Dourados"},"content":{"rendered":"\n<ul class=\"wp-block-list\">\n<li>por Luiz Guilherme e Sidnei Bronka<\/li>\n<\/ul>\n\n\n\n<p>Mateus de Oliveira Ortiz, de 25 anos, condenado do semiaberto de Dourados por tr\u00e1fico, foi flagrado por volta das 17h desta segunda-feira (7\/7), com drogas escondidas nas n\u00e1degas.<\/p>\n\n\n\n<p>Segundo o boletim de ocorr\u00eancia, durante o dia o rapaz deixa o pres\u00eddio para trabalhar, e retorna no final do dia para dormir. Durante a revista, procedimento comum na unidade, os policiais penais encontraram 70 gramas de maconha.<\/p>\n\n\n\n<p>Ele recebeu voz de pris\u00e3o e foi conduzido at\u00e9 a Depac (Delegacia de Pronto Atendimento Comunit\u00e1rio), onde acabou autuado por tr\u00e1fico de drogas. Com isso, ele volta a cumprir pena em regime fechado.<\/p>\n","protected":false},"excerpt":{"rendered":"<p>Mateus de Oliveira Ortiz, de 25 anos, condenado do semiaberto de Dourados por tr\u00e1fico, foi flagrado por volta das 17h&hellip;<\/p>\n","protected":false},"author":1,"featured_media":6546,"comment_status":"open","ping_status":"open","sticky":false,"template":"","format":"standard","meta":{"footnotes":""},"categories":[1],"tags":[],"class_list":["post-6545","post","type-post","status-publish","format-standard","has-post-thumbnail","hentry","category-uncategorized"],"_links":{"self":[{"href":"https:\/\/suanoticiaaqui.com.br\/news\/wp-json\/wp\/v2\/posts\/6545","targetHints":{"allow":["GET"]}}],"collection":[{"href":"https:\/\/suanoticiaaqui.com.br\/news\/wp-json\/wp\/v2\/posts"}],"about":[{"href":"https:\/\/suanoticiaaqui.com.br\/news\/wp-json\/wp\/v2\/types\/post"}],"author":[{"embeddable":true,"href":"https:\/\/suanoticiaaqui.com.br\/news\/wp-json\/wp\/v2\/users\/1"}],"replies":[{"embeddable":true,"href":"https:\/\/suanoticiaaqui.com.br\/news\/wp-json\/wp\/v2\/comments?post=6545"}],"version-history":[{"count":1,"href":"https:\/\/suanoticiaaqui.com.br\/news\/wp-json\/wp\/v2\/posts\/6545\/revisions"}],"predecessor-version":[{"id":6547,"href":"https:\/\/suanoticiaaqui.com.br\/news\/wp-json\/wp\/v2\/posts\/6545\/revisions\/6547"}],"wp:featuredmedia":[{"embeddable":true,"href":"https:\/\/suanoticiaaqui.com.br\/news\/wp-json\/wp\/v2\/media\/6546"}],"wp:attachment":[{"href":"https:\/\/suanoticiaaqui.com.br\/news\/wp-json\/wp\/v2\/media?parent=6545"}],"wp:term":[{"taxonomy":"category","embeddable":true,"href":"https:\/\/suanoticiaaqui.com.br\/news\/wp-json\/wp\/v2\/categories?post=6545"},{"taxonomy":"post_tag","embeddable":true,"href":"https:\/\/suanoticiaaqui.com.br\/news\/wp-json\/wp\/v2\/tags?post=6545"}],"curies":[{"name":"wp","href":"https:\/\/api.w.org\/{rel}","templated":true}]}}