{"id":6548,"date":"2025-07-08T13:35:19","date_gmt":"2025-07-08T17:35:19","guid":{"rendered":"https:\/\/suanoticiaaqui.com.br\/news\/?p=6548"},"modified":"2025-07-08T13:35:19","modified_gmt":"2025-07-08T17:35:19","slug":"procurado-pela-interpol-por-homicidio-na-franca-e-preso-em-casa-no-mshomem-vivia-na-cidade-e-era-alvo-de-mandado-internacional-por-crime-cometido-na-guiana-francesa","status":"publish","type":"post","link":"https:\/\/suanoticiaaqui.com.br\/news\/2025\/07\/08\/procurado-pela-interpol-por-homicidio-na-franca-e-preso-em-casa-no-mshomem-vivia-na-cidade-e-era-alvo-de-mandado-internacional-por-crime-cometido-na-guiana-francesa\/","title":{"rendered":"Procurado pela Interpol por homic\u00eddio na Fran\u00e7a \u00e9 preso em casa no MSHomem vivia na cidade e era alvo de mandado internacional por crime cometido na Guiana Francesa"},"content":{"rendered":"\n<p>Por Gabi Cenciarelli e Helio de Freitas, de Dourados<\/p>\n\n\n\n<p>Homem procurado pela Interpol por homic\u00eddio doloso com agravante de premedita\u00e7\u00e3o, identificado como Herby Noel, foi preso na madrugada desta ter\u00e7a-feira (8) em Dourados, a 251 quil\u00f4metros de Campo Grande. Ele constava na Difus\u00e3o Vermelha da Interpol e teve mandado de pris\u00e3o expedido pelas autoridades francesas em 2024.<\/p>\n\n\n\n<p>De nacionalidade haitiana, o foragido residia em Dourados e \u00e9 acusado de cometer o crime em 2023, na cidade de Matoury, territ\u00f3rio ultramarino da Guiana Francesa. Ap\u00f3s pedido formal de extradi\u00e7\u00e3o feito pelo governo franc\u00eas, o Supremo Tribunal Federal determinou a pris\u00e3o cautelar, autorizada pelo ministro Luiz Fux, com base no artigo 84, \u00a72\u00ba, da Lei de Migra\u00e7\u00e3o (n\u00ba 13.445\/2017).<\/p>\n\n\n\n<p>Ele foi localizado por volta das 0h20, na regi\u00e3o da sa\u00edda para Campo Grande, na BR-163, durante patrulhamento da R\u00e1dio Patrulha do 3\u00ba Batalh\u00e3o da Pol\u00edcia Militar, que recebeu den\u00fancia sobre o paradeiro do homem.<\/p>\n\n\n\n<p>Ap\u00f3s a pris\u00e3o, o foragido foi encaminhado \u00e0 Delegacia da Pol\u00edcia Federal em Dourados. Ele passar\u00e1 por audi\u00eancia de cust\u00f3dia e permanecer\u00e1 \u00e0 disposi\u00e7\u00e3o da Justi\u00e7a brasileira enquanto aguardam-se os tr\u00e2mites do processo de extradi\u00e7\u00e3o\u2026. veja mais em https:\/\/www.campograndenews.com.br\/cidades\/interior\/procurado-pela-interpol-por-homicidio-na-franca-e-preso-em-casa-no-ms<\/p>\n","protected":false},"excerpt":{"rendered":"<p>Por Gabi Cenciarelli e Helio de Freitas, de Dourados Homem procurado pela Interpol por homic\u00eddio doloso com agravante de premedita\u00e7\u00e3o,&hellip;<\/p>\n","protected":false},"author":1,"featured_media":6549,"comment_status":"open","ping_status":"open","sticky":false,"template":"","format":"standard","meta":{"footnotes":""},"categories":[1],"tags":[],"class_list":["post-6548","post","type-post","status-publish","format-standard","has-post-thumbnail","hentry","category-uncategorized"],"_links":{"self":[{"href":"https:\/\/suanoticiaaqui.com.br\/news\/wp-json\/wp\/v2\/posts\/6548","targetHints":{"allow":["GET"]}}],"collection":[{"href":"https:\/\/suanoticiaaqui.com.br\/news\/wp-json\/wp\/v2\/posts"}],"about":[{"href":"https:\/\/suanoticiaaqui.com.br\/news\/wp-json\/wp\/v2\/types\/post"}],"author":[{"embeddable":true,"href":"https:\/\/suanoticiaaqui.com.br\/news\/wp-json\/wp\/v2\/users\/1"}],"replies":[{"embeddable":true,"href":"https:\/\/suanoticiaaqui.com.br\/news\/wp-json\/wp\/v2\/comments?post=6548"}],"version-history":[{"count":1,"href":"https:\/\/suanoticiaaqui.com.br\/news\/wp-json\/wp\/v2\/posts\/6548\/revisions"}],"predecessor-version":[{"id":6550,"href":"https:\/\/suanoticiaaqui.com.br\/news\/wp-json\/wp\/v2\/posts\/6548\/revisions\/6550"}],"wp:featuredmedia":[{"embeddable":true,"href":"https:\/\/suanoticiaaqui.com.br\/news\/wp-json\/wp\/v2\/media\/6549"}],"wp:attachment":[{"href":"https:\/\/suanoticiaaqui.com.br\/news\/wp-json\/wp\/v2\/media?parent=6548"}],"wp:term":[{"taxonomy":"category","embeddable":true,"href":"https:\/\/suanoticiaaqui.com.br\/news\/wp-json\/wp\/v2\/categories?post=6548"},{"taxonomy":"post_tag","embeddable":true,"href":"https:\/\/suanoticiaaqui.com.br\/news\/wp-json\/wp\/v2\/tags?post=6548"}],"curies":[{"name":"wp","href":"https:\/\/api.w.org\/{rel}","templated":true}]}}