{"id":6557,"date":"2025-07-08T14:33:16","date_gmt":"2025-07-08T18:33:16","guid":{"rendered":"https:\/\/suanoticiaaqui.com.br\/news\/?p=6557"},"modified":"2025-07-08T14:33:16","modified_gmt":"2025-07-08T18:33:16","slug":"tv-ligada-ao-pt-recebeu-r-55-milhoes-em-emendas-de-parlamentares-do-partido","status":"publish","type":"post","link":"https:\/\/suanoticiaaqui.com.br\/news\/2025\/07\/08\/tv-ligada-ao-pt-recebeu-r-55-milhoes-em-emendas-de-parlamentares-do-partido\/","title":{"rendered":"TV ligada ao PT recebeu R$ 5,5 milh\u00f5es em emendas de parlamentares do partido"},"content":{"rendered":"\n<p>Verbas p\u00fablicas financiaram canal sindical com linha editorial favor\u00e1vel ao governo Lula<\/p>\n\n\n\n<ul class=\"wp-block-list\">\n<li><a href=\"https:\/\/bradockshow.com.br\/author\/marcotoledo\/\"><\/a>por <a href=\"https:\/\/bradockshow.com.br\/author\/marcotoledo\/\">Marco Toledo<\/a><\/li>\n<\/ul>\n\n\n\n<p>A TV dos Trabalhadores (TVT), canal mantido pela Funda\u00e7\u00e3o Sociedade, Comunica\u00e7\u00e3o, Cultura e Trabalho, recebeu R$ 5,5 milh\u00f5es em emendas parlamentares de deputados e senadores do PT entre 2017 e 2024.<\/p>\n\n\n\n<p>Os repasses partiram de 21 parlamentares da legenda, incluindo os atuais ministros Alexandre Padilha, Gleisi Hoffmann e Paulo Teixeira. A emissora \u00e9 alinhada ao governo federal e financiada por sindicatos como o dos Metal\u00fargicos do ABC e dos Banc\u00e1rios de S\u00e3o Paulo.<\/p>\n\n\n\n<p>Embora os gestores aleguem que os recursos s\u00e3o aplicados em conte\u00fados educativos e sociais, cr\u00edticos apontam que a TVT funciona como bra\u00e7o de comunica\u00e7\u00e3o do partido, bancado com dinheiro p\u00fablico.<\/p>\n\n\n\n<p>Diretor Maur\u00edcio J\u00fanior defendeu o financiamento, afirmando que ele permite retratar temas como periferias e comunidades tradicionais.<\/p>\n\n\n\n<p>Parlamentares petistas mant\u00eam interlocu\u00e7\u00e3o frequente com a emissora, que tamb\u00e9m serve de vitrine para divulgar suas a\u00e7\u00f5es. O modelo levanta questionamentos sobre a utiliza\u00e7\u00e3o de emendas para sustentar ve\u00edculos com vi\u00e9s ideol\u00f3gico.<\/p>\n","protected":false},"excerpt":{"rendered":"<p>Verbas p\u00fablicas financiaram canal sindical com linha editorial favor\u00e1vel ao governo Lula A TV dos Trabalhadores (TVT), canal mantido pela&hellip;<\/p>\n","protected":false},"author":1,"featured_media":6558,"comment_status":"open","ping_status":"open","sticky":false,"template":"","format":"standard","meta":{"footnotes":""},"categories":[1],"tags":[],"class_list":["post-6557","post","type-post","status-publish","format-standard","has-post-thumbnail","hentry","category-uncategorized"],"_links":{"self":[{"href":"https:\/\/suanoticiaaqui.com.br\/news\/wp-json\/wp\/v2\/posts\/6557","targetHints":{"allow":["GET"]}}],"collection":[{"href":"https:\/\/suanoticiaaqui.com.br\/news\/wp-json\/wp\/v2\/posts"}],"about":[{"href":"https:\/\/suanoticiaaqui.com.br\/news\/wp-json\/wp\/v2\/types\/post"}],"author":[{"embeddable":true,"href":"https:\/\/suanoticiaaqui.com.br\/news\/wp-json\/wp\/v2\/users\/1"}],"replies":[{"embeddable":true,"href":"https:\/\/suanoticiaaqui.com.br\/news\/wp-json\/wp\/v2\/comments?post=6557"}],"version-history":[{"count":1,"href":"https:\/\/suanoticiaaqui.com.br\/news\/wp-json\/wp\/v2\/posts\/6557\/revisions"}],"predecessor-version":[{"id":6559,"href":"https:\/\/suanoticiaaqui.com.br\/news\/wp-json\/wp\/v2\/posts\/6557\/revisions\/6559"}],"wp:featuredmedia":[{"embeddable":true,"href":"https:\/\/suanoticiaaqui.com.br\/news\/wp-json\/wp\/v2\/media\/6558"}],"wp:attachment":[{"href":"https:\/\/suanoticiaaqui.com.br\/news\/wp-json\/wp\/v2\/media?parent=6557"}],"wp:term":[{"taxonomy":"category","embeddable":true,"href":"https:\/\/suanoticiaaqui.com.br\/news\/wp-json\/wp\/v2\/categories?post=6557"},{"taxonomy":"post_tag","embeddable":true,"href":"https:\/\/suanoticiaaqui.com.br\/news\/wp-json\/wp\/v2\/tags?post=6557"}],"curies":[{"name":"wp","href":"https:\/\/api.w.org\/{rel}","templated":true}]}}