{"id":6566,"date":"2025-07-10T10:26:15","date_gmt":"2025-07-10T14:26:15","guid":{"rendered":"https:\/\/suanoticiaaqui.com.br\/news\/?p=6566"},"modified":"2025-07-10T10:26:15","modified_gmt":"2025-07-10T14:26:15","slug":"mulher-e-esfaqueada-no-rosto-e-na-perna-dentro-de-casa-durante-ataque-em-dourados","status":"publish","type":"post","link":"https:\/\/suanoticiaaqui.com.br\/news\/2025\/07\/10\/mulher-e-esfaqueada-no-rosto-e-na-perna-dentro-de-casa-durante-ataque-em-dourados\/","title":{"rendered":"Mulher \u00e9 esfaqueada no rosto e na perna dentro de casa durante ataque em Dourados"},"content":{"rendered":"\n<ul class=\"wp-block-list\">\n<li>\u00a0por Luiz Guilherme e Sidnei Bronka<\/li>\n<\/ul>\n\n\n\n<p>Cl\u00e1udia Souza da Silva, de 36 anos, estava em casa, na Rua C\u00e2ndido de Carvalho, na Vila Ubirat\u00e3, em Dourados, quando, por volta de 1h30 desta quinta-feira (10\/7), foi agredida por duas mulheres identificadas inicialmente como Regiane e Cris.<\/p>\n\n\n\n<p>Elas, segundo o boletim de ocorr\u00eancia, invadiram a resid\u00eancia da v\u00edtima e esfaquearam a morada na altura da coxa, na perna direita e tamb\u00e9m no rosto. Cl\u00e1udia foi socorrida e levada para o HV (Hospital da Vida), onde permanece internada.<\/p>\n\n\n\n<p>A mulher relatou que antes de ser agredida, ela e as autoras discutiram e num determinado momento, a dupla foi para cima dela. Os motivos da briga que resultou em tentativa de homic\u00eddio ainda ser\u00e3o apurados pela pol\u00edcia.<\/p>\n\n\n\n<p>Logo ap\u00f3s esfaquear Cl\u00e1udia Souza da Silva, as duas mulheres deixaram a casa e tomaram rumo ignorado. A PM (Pol\u00edcia Militar) esteve no local e o fato \u00e9 investigado.<\/p>\n\n\n\n<p><\/p>\n","protected":false},"excerpt":{"rendered":"<p>Cl\u00e1udia Souza da Silva, de 36 anos, estava em casa, na Rua C\u00e2ndido de Carvalho, na Vila Ubirat\u00e3, em Dourados,&hellip;<\/p>\n","protected":false},"author":1,"featured_media":6567,"comment_status":"open","ping_status":"open","sticky":false,"template":"","format":"standard","meta":{"footnotes":""},"categories":[1],"tags":[],"class_list":["post-6566","post","type-post","status-publish","format-standard","has-post-thumbnail","hentry","category-uncategorized"],"_links":{"self":[{"href":"https:\/\/suanoticiaaqui.com.br\/news\/wp-json\/wp\/v2\/posts\/6566","targetHints":{"allow":["GET"]}}],"collection":[{"href":"https:\/\/suanoticiaaqui.com.br\/news\/wp-json\/wp\/v2\/posts"}],"about":[{"href":"https:\/\/suanoticiaaqui.com.br\/news\/wp-json\/wp\/v2\/types\/post"}],"author":[{"embeddable":true,"href":"https:\/\/suanoticiaaqui.com.br\/news\/wp-json\/wp\/v2\/users\/1"}],"replies":[{"embeddable":true,"href":"https:\/\/suanoticiaaqui.com.br\/news\/wp-json\/wp\/v2\/comments?post=6566"}],"version-history":[{"count":1,"href":"https:\/\/suanoticiaaqui.com.br\/news\/wp-json\/wp\/v2\/posts\/6566\/revisions"}],"predecessor-version":[{"id":6568,"href":"https:\/\/suanoticiaaqui.com.br\/news\/wp-json\/wp\/v2\/posts\/6566\/revisions\/6568"}],"wp:featuredmedia":[{"embeddable":true,"href":"https:\/\/suanoticiaaqui.com.br\/news\/wp-json\/wp\/v2\/media\/6567"}],"wp:attachment":[{"href":"https:\/\/suanoticiaaqui.com.br\/news\/wp-json\/wp\/v2\/media?parent=6566"}],"wp:term":[{"taxonomy":"category","embeddable":true,"href":"https:\/\/suanoticiaaqui.com.br\/news\/wp-json\/wp\/v2\/categories?post=6566"},{"taxonomy":"post_tag","embeddable":true,"href":"https:\/\/suanoticiaaqui.com.br\/news\/wp-json\/wp\/v2\/tags?post=6566"}],"curies":[{"name":"wp","href":"https:\/\/api.w.org\/{rel}","templated":true}]}}