{"id":6575,"date":"2025-07-10T10:31:26","date_gmt":"2025-07-10T14:31:26","guid":{"rendered":"https:\/\/suanoticiaaqui.com.br\/news\/?p=6575"},"modified":"2025-07-10T10:31:26","modified_gmt":"2025-07-10T14:31:26","slug":"justica-dos-eua-intima-alexandre-de-moraes-em-acao-por-censura-movida-por-trump-media-e-rumble","status":"publish","type":"post","link":"https:\/\/suanoticiaaqui.com.br\/news\/2025\/07\/10\/justica-dos-eua-intima-alexandre-de-moraes-em-acao-por-censura-movida-por-trump-media-e-rumble\/","title":{"rendered":"Justi\u00e7a dos EUA intima Alexandre de Moraes em a\u00e7\u00e3o por censura movida por Trump Media e Rumble"},"content":{"rendered":"\n<p>Empresas alegam viola\u00e7\u00e3o \u00e0 liberdade de express\u00e3o e pedem que decis\u00f5es do ministro n\u00e3o tenham validade nos EUA<\/p>\n\n\n\n<ul class=\"wp-block-list\">\n<li><a href=\"https:\/\/bradockshow.com.br\/author\/marcotoledo\/\"><\/a>por <a href=\"https:\/\/bradockshow.com.br\/author\/marcotoledo\/\">Marco Toledo<\/a><\/li>\n<\/ul>\n\n\n\n<p>O ministro Alexandre de Moraes, do STF, foi novamente intimado pela Justi\u00e7a da Fl\u00f3rida em a\u00e7\u00e3o movida pela Trump Media, empresa do presidente Donald Trump, e pela plataforma Rumble.<\/p>\n\n\n\n<p>As companhias acusam Moraes de censura por decis\u00f5es que suspenderam contas em redes sociais, incluindo a do jornalista Allan dos Santos, e pedem que tais ordens sejam consideradas inv\u00e1lidas nos Estados Unidos.<\/p>\n\n\n\n<p>As autoras alegam viola\u00e7\u00e3o \u00e0 Primeira Emenda da Constitui\u00e7\u00e3o norte-americana, que garante a liberdade de express\u00e3o. Moraes tem 21 dias para responder \u00e0 intima\u00e7\u00e3o.<\/p>\n\n\n\n<p>Se n\u00e3o se manifestar, poder\u00e1 haver julgamento \u00e0 revelia. A a\u00e7\u00e3o questiona, entre outras decis\u00f5es, a suspens\u00e3o do Rumble no Brasil ap\u00f3s a plataforma descumprir determina\u00e7\u00f5es judiciais.<\/p>\n\n\n\n<p>A disputa internacional exp\u00f5e tens\u00f5es entre o Judici\u00e1rio brasileiro e plataformas digitais com sede no exterior, especialmente aquelas ligadas a conte\u00fados de vi\u00e9s conservador. At\u00e9 o momento, o STF n\u00e3o se pronunciou sobre o caso.<\/p>\n","protected":false},"excerpt":{"rendered":"<p>Empresas alegam viola\u00e7\u00e3o \u00e0 liberdade de express\u00e3o e pedem que decis\u00f5es do ministro n\u00e3o tenham validade nos EUA O ministro&hellip;<\/p>\n","protected":false},"author":1,"featured_media":6576,"comment_status":"open","ping_status":"open","sticky":false,"template":"","format":"standard","meta":{"footnotes":""},"categories":[1],"tags":[],"class_list":["post-6575","post","type-post","status-publish","format-standard","has-post-thumbnail","hentry","category-uncategorized"],"_links":{"self":[{"href":"https:\/\/suanoticiaaqui.com.br\/news\/wp-json\/wp\/v2\/posts\/6575","targetHints":{"allow":["GET"]}}],"collection":[{"href":"https:\/\/suanoticiaaqui.com.br\/news\/wp-json\/wp\/v2\/posts"}],"about":[{"href":"https:\/\/suanoticiaaqui.com.br\/news\/wp-json\/wp\/v2\/types\/post"}],"author":[{"embeddable":true,"href":"https:\/\/suanoticiaaqui.com.br\/news\/wp-json\/wp\/v2\/users\/1"}],"replies":[{"embeddable":true,"href":"https:\/\/suanoticiaaqui.com.br\/news\/wp-json\/wp\/v2\/comments?post=6575"}],"version-history":[{"count":1,"href":"https:\/\/suanoticiaaqui.com.br\/news\/wp-json\/wp\/v2\/posts\/6575\/revisions"}],"predecessor-version":[{"id":6577,"href":"https:\/\/suanoticiaaqui.com.br\/news\/wp-json\/wp\/v2\/posts\/6575\/revisions\/6577"}],"wp:featuredmedia":[{"embeddable":true,"href":"https:\/\/suanoticiaaqui.com.br\/news\/wp-json\/wp\/v2\/media\/6576"}],"wp:attachment":[{"href":"https:\/\/suanoticiaaqui.com.br\/news\/wp-json\/wp\/v2\/media?parent=6575"}],"wp:term":[{"taxonomy":"category","embeddable":true,"href":"https:\/\/suanoticiaaqui.com.br\/news\/wp-json\/wp\/v2\/categories?post=6575"},{"taxonomy":"post_tag","embeddable":true,"href":"https:\/\/suanoticiaaqui.com.br\/news\/wp-json\/wp\/v2\/tags?post=6575"}],"curies":[{"name":"wp","href":"https:\/\/api.w.org\/{rel}","templated":true}]}}