{"id":6584,"date":"2025-07-10T10:37:02","date_gmt":"2025-07-10T14:37:02","guid":{"rendered":"https:\/\/suanoticiaaqui.com.br\/news\/?p=6584"},"modified":"2025-07-10T10:37:02","modified_gmt":"2025-07-10T14:37:02","slug":"relatorios-com-sancoes-contra-moraes-chegam-a-casa-branca-trump-avalia-resposta-firme","status":"publish","type":"post","link":"https:\/\/suanoticiaaqui.com.br\/news\/2025\/07\/10\/relatorios-com-sancoes-contra-moraes-chegam-a-casa-branca-trump-avalia-resposta-firme\/","title":{"rendered":"Relat\u00f3rios com san\u00e7\u00f5es contra Moraes chegam \u00e0 Casa Branca; Trump avalia resposta firme"},"content":{"rendered":"\n<p>Presidente dos EUA considera medidas contra ministro do STF por amea\u00e7as \u00e0 liberdade digital<\/p>\n\n\n\n<ul class=\"wp-block-list\">\n<li><a href=\"https:\/\/bradockshow.com.br\/author\/marcotoledo\/\"><\/a>por <a href=\"https:\/\/bradockshow.com.br\/author\/marcotoledo\/\">Marco Toledo<\/a><\/li>\n<\/ul>\n\n\n\n<p>Os relat\u00f3rios que prop\u00f5em san\u00e7\u00f5es ao ministro Alexandre de Moraes (STF) chegaram \u00e0 mesa do presidente dos Estados Unidos, Donald Trump, ap\u00f3s circularem por diversos gabinetes em Washington.<\/p>\n\n\n\n<p>A iniciativa reflete a crescente preocupa\u00e7\u00e3o da Casa Branca e da ala conservadora americana diante das decis\u00f5es de Moraes que afetaram plataformas digitais e aliados da direita, como o ex-presidente Jair Bolsonaro.<\/p>\n\n\n\n<p>Na \u00faltima semana, Trump se reuniu com seus assessores para avaliar uma resposta contundente do governo norte-americano. Duas medidas est\u00e3o em an\u00e1lise: a aplica\u00e7\u00e3o da Lei Magnitsky, direcionada a indiv\u00edduos envolvidos em corrup\u00e7\u00e3o ou viola\u00e7\u00f5es de direitos humanos, e a International Emergency Economic Powers Act (IEEPA), que permite san\u00e7\u00f5es r\u00e1pidas a pessoas ou entidades estrangeiras que ameacem a economia dos EUA.<\/p>\n\n\n\n<p>Fontes pr\u00f3ximas ao presidente destacam que, embora a Lei Magnitsky tenha peso simb\u00f3lico, a IEEPA oferece um caminho pragm\u00e1tico para atua\u00e7\u00e3o imediata.<\/p>\n\n\n\n<p>Ambas as san\u00e7\u00f5es seriam aplicadas pelo Escrit\u00f3rio de Controle de Ativos Estrangeiros (Ofac), \u00f3rg\u00e3o do Departamento do Tesouro dos EUA, refor\u00e7ando o compromisso americano em proteger a liberdade e a ordem internacional.<\/p>\n","protected":false},"excerpt":{"rendered":"<p>Presidente dos EUA considera medidas contra ministro do STF por amea\u00e7as \u00e0 liberdade digital Os relat\u00f3rios que prop\u00f5em san\u00e7\u00f5es ao&hellip;<\/p>\n","protected":false},"author":1,"featured_media":6585,"comment_status":"open","ping_status":"open","sticky":false,"template":"","format":"standard","meta":{"footnotes":""},"categories":[1],"tags":[],"class_list":["post-6584","post","type-post","status-publish","format-standard","has-post-thumbnail","hentry","category-uncategorized"],"_links":{"self":[{"href":"https:\/\/suanoticiaaqui.com.br\/news\/wp-json\/wp\/v2\/posts\/6584","targetHints":{"allow":["GET"]}}],"collection":[{"href":"https:\/\/suanoticiaaqui.com.br\/news\/wp-json\/wp\/v2\/posts"}],"about":[{"href":"https:\/\/suanoticiaaqui.com.br\/news\/wp-json\/wp\/v2\/types\/post"}],"author":[{"embeddable":true,"href":"https:\/\/suanoticiaaqui.com.br\/news\/wp-json\/wp\/v2\/users\/1"}],"replies":[{"embeddable":true,"href":"https:\/\/suanoticiaaqui.com.br\/news\/wp-json\/wp\/v2\/comments?post=6584"}],"version-history":[{"count":1,"href":"https:\/\/suanoticiaaqui.com.br\/news\/wp-json\/wp\/v2\/posts\/6584\/revisions"}],"predecessor-version":[{"id":6586,"href":"https:\/\/suanoticiaaqui.com.br\/news\/wp-json\/wp\/v2\/posts\/6584\/revisions\/6586"}],"wp:featuredmedia":[{"embeddable":true,"href":"https:\/\/suanoticiaaqui.com.br\/news\/wp-json\/wp\/v2\/media\/6585"}],"wp:attachment":[{"href":"https:\/\/suanoticiaaqui.com.br\/news\/wp-json\/wp\/v2\/media?parent=6584"}],"wp:term":[{"taxonomy":"category","embeddable":true,"href":"https:\/\/suanoticiaaqui.com.br\/news\/wp-json\/wp\/v2\/categories?post=6584"},{"taxonomy":"post_tag","embeddable":true,"href":"https:\/\/suanoticiaaqui.com.br\/news\/wp-json\/wp\/v2\/tags?post=6584"}],"curies":[{"name":"wp","href":"https:\/\/api.w.org\/{rel}","templated":true}]}}